{"id":188,"date":"2004-06-07T18:51:41","date_gmt":"2004-06-07T17:51:41","guid":{"rendered":"http:\/\/www.ankegroener.de\/?p=188"},"modified":"2004-11-08T18:01:04","modified_gmt":"2004-11-08T17:01:04","slug":"dogville","status":"publish","type":"post","link":"https:\/\/ankegroener.de\/blog\/?p=188","title":{"rendered":"Dogville"},"content":{"rendered":"<p><em><a href=\"http:\/\/www.imdb.com\/title\/tt0276919\/\">Dogville<\/a><\/em>: Ich wollte diesen Film nicht m\u00f6gen, weil ich Nicole Kidman nicht abkann und Lars von Trier mir oft zu zeigefingerig daherkommt. Frau Kidman muss ich hier Abbitte leisten; in dem engen Korsett, das ihr Charakter ihr l\u00e4sst, macht sie ihre Sache hervorragend, genau wie der Rest der Besetzung, der aus vielen, gro\u00dfen amerikanischen Namen besteht. Den Zeigefinger hat der Film aber trotzdem, und man ahnt schon nach einer halben Stunde, wie er ausgeht. Umso nerviger, dass man noch weitere zweieinhalb braucht, um sich best\u00e4tigt zu sehen. Trotzdem fand ich ihn als Experiment sehr sehenswert, wenn auch viele von von Triers guten Absichten nicht funktionieren; daf\u00fcr wird die Geschichte der Frau, die in einer fremden Stadt um Hilfe bittet und daf\u00fcr \u00fcbelst bezahlen muss, zum Schluss zu plakativ und schlicht. Dass alles in Gewalt endet, ist meiner Meinung nach ein \u201erichtiges\u201c Ende. Aber trotzdem f\u00fchlt es sich an wie eine naive Kapitalismus-Kritik, wo der Kleine dann doch den Gro\u00dfen eins auswischt.<\/p>\n<p>Der fast Brecht&#8217;sche Aufbau der B\u00fchne hat mich sehr fasziniert, auch wenn es sich selten wie ein abgefilmtes Theaterst\u00fcck anf\u00fchlte, sondern mehr wie ein Guckloch, durch das man in eine Welt bzw. in eine Stadt hineinschaut. Von den Dialogen und der parabel\u00e4hnlichen Handlung erinnerte mich <em>Dogville<\/em> ein wenig an Frischs <em>Andorra<\/em>. Allerdings zieht sich <em>Andorra<\/em> nicht so f\u00fcrchterlich lang hin und ist vor allem nicht ganz so moralinsauer wie <em>Dogville<\/em>. <\/p>\n<p>Den Vorwurf des Anti-Amerikanismus kann ich nicht nachvollziehen. F\u00fcr mich k\u00f6nnte <em>Dogville<\/em> auch \u00fcberall sonst auf der Welt spielen, in der eine Mehrheit die Macht \u00fcber einen Einzelnen bekommt und sie missbraucht. Dass von Trier hier eine amerikanische Stadt genommen hat \u2013 nun gut. Es macht den Film nicht besser und nicht schlechter.<\/p>\n","protected":false},"excerpt":{"rendered":"<p>Dogville: Ich wollte diesen Film nicht m\u00f6gen, weil ich Nicole Kidman nicht abkann und Lars von Trier mir oft zu zeigefingerig daherkommt. Frau Kidman muss ich hier Abbitte leisten; in dem engen Korsett, das ihr Charakter ihr l\u00e4sst, macht sie ihre Sache hervorragend, genau wie der Rest der Besetzung, der aus vielen, gro\u00dfen amerikanischen Namen [&hellip;]<\/p>\n","protected":false},"author":10,"featured_media":0,"comment_status":"open","ping_status":"open","sticky":false,"template":"","format":"standard","meta":{"footnotes":""},"categories":[1],"tags":[],"class_list":["post-188","post","type-post","status-publish","format-standard","hentry","category-weblog"],"_links":{"self":[{"href":"https:\/\/ankegroener.de\/blog\/index.php?rest_route=\/wp\/v2\/posts\/188","targetHints":{"allow":["GET"]}}],"collection":[{"href":"https:\/\/ankegroener.de\/blog\/index.php?rest_route=\/wp\/v2\/posts"}],"about":[{"href":"https:\/\/ankegroener.de\/blog\/index.php?rest_route=\/wp\/v2\/types\/post"}],"author":[{"embeddable":true,"href":"https:\/\/ankegroener.de\/blog\/index.php?rest_route=\/wp\/v2\/users\/10"}],"replies":[{"embeddable":true,"href":"https:\/\/ankegroener.de\/blog\/index.php?rest_route=%2Fwp%2Fv2%2Fcomments&post=188"}],"version-history":[{"count":0,"href":"https:\/\/ankegroener.de\/blog\/index.php?rest_route=\/wp\/v2\/posts\/188\/revisions"}],"wp:attachment":[{"href":"https:\/\/ankegroener.de\/blog\/index.php?rest_route=%2Fwp%2Fv2%2Fmedia&parent=188"}],"wp:term":[{"taxonomy":"category","embeddable":true,"href":"https:\/\/ankegroener.de\/blog\/index.php?rest_route=%2Fwp%2Fv2%2Fcategories&post=188"},{"taxonomy":"post_tag","embeddable":true,"href":"https:\/\/ankegroener.de\/blog\/index.php?rest_route=%2Fwp%2Fv2%2Ftags&post=188"}],"curies":[{"name":"wp","href":"https:\/\/api.w.org\/{rel}","templated":true}]}}