{"id":26200,"date":"2017-01-28T12:19:12","date_gmt":"2017-01-28T10:19:12","guid":{"rendered":"http:\/\/www.ankegroener.de\/?p=26200"},"modified":"2017-01-28T12:19:12","modified_gmt":"2017-01-28T10:19:12","slug":"tagebuch-freitag-27-januar-2017-kunsthistorisches-bloggen","status":"publish","type":"post","link":"https:\/\/ankegroener.de\/blog\/?p=26200","title":{"rendered":"Tagebuch, Freitag, 27. Januar 2017 \u2013 Kunsthistorisches Bloggen"},"content":{"rendered":"<p>Ich wollte die Diskussion vom Donnerstag anst\u00e4ndig verbloggen und ging dazu morgens nochmal in die Pinakothek der Moderne, um mir den Saal 13 ein weiteres Mal anzuschauen. Dieses Mal nahm ich auch die ausliegende Brosch\u00fcre mit, um richtig zitieren zu k\u00f6nnen. Wie jedesmal ist es komisch, in den Raum zu kommen, aber vielleicht nur, weil ich eben wei\u00df, was da h\u00e4ngt und warum es da h\u00e4ngt und wieso es so au\u00dfergew\u00f6hnlich ist, dass es da h\u00e4ngt.<\/p>\n<p>Ich ging bewusster die Wege in und aus dem Raum ab, um das Besucherinnenerlebnis nachvollziehen zu k\u00f6nnen, wenn man das erste Mal hineingeht, aber das hat nicht funktioniert. Stattdessen schwelgte ich nach dem Saal 13 noch in der direkten Vor- und Nachkriegskunst, sagte meinem geliebten <a href=\"https:\/\/www.flickr.com\/photos\/26095468@N04\/10628777904\">Kiefer<\/a> Hallo (der einzige Kiefer, der ausgestellt ist, falls ich nichts \u00fcbersehen habe) und ging dann zun\u00e4chst in die Ausstellung <a href=\"https:\/\/www.pinakothek.de\/fotografie-heute-distant-realities\">Distant Realities \u2013 Fotografie heute<\/a>. Ich fand dort besonders <a href=\"https:\/\/mishkahenner.persona.co\/\">Mishka Henners<\/a> Arbeit spannend, der mal den sch\u00f6nen Satz <a href=\"https:\/\/www.nytimes.com\/2015\/08\/30\/arts\/design\/mishka-henner-uses-google-earth-as-muse-for-his-aerial-art.html?_r=0\">sagte<\/a>: \u201eThere\u2019s an absurdity to living in an age when everything is photographed.\u201c Danach sprang ich wieder in die Vergangenheit und verglich im Kopf die eben gesehenen Stra\u00dfenszenen Henners mit den alten <a href=\"https:\/\/www.pinakothek.de\/ruhrgebietslandschaften\">Ruhrgebietsansichten<\/a> von <a href=\"https:\/\/de.wikipedia.org\/wiki\/Albert_Renger-Patzsch\">Albert Renger-Patzsch<\/a>. Same, same, but different. Das hat Spa\u00df gemacht, die leeren, glei\u00dfenden Betonb\u00e4nder Henners mit den d\u00fcsteren, kohleverschmierten Bildern Renger-Patzschs zu kontrastieren.<\/p>\n<p>Durch die <a href=\"https:\/\/www.pinakothek.de\/ausstellungen\/francis-kere-radically-simple\">Architektur von Francis K\u00e9r\u00e9<\/a> sprintete ich eher durch, mein Kopf war voll und meine Finger wollten tippen. Also ging ich von der Pinakothek ins Zentralinstitut f\u00fcr Kunstgeschichte, um noch ein bisschen was nachzuschlagen, bevor ich den <a href=\"http:\/\/www.ankegroener.de\/?p=26177\">gestrigen Blogeintrag<\/a> verfasste.<\/p>\n<p>Danach fuhr ich mit der U-Bahn nach Hause, kaufte frische Brezn, genoss sie mit dem Lauchfrischk\u00e4se, den mir F. vorgestern vorbeigebracht hatte, den er wiederum von seinem besten Freund aus dem Allg\u00e4u mitgebracht bekommen hatte. So gut!<\/p>\n<p>Den Rest des Tages gab ich mir frei, obwohl ich dringend lernen musste. Aber ich hatte das Gef\u00fchl, den Vormittag brav mit Kunstgeschichte verbracht zu haben, weswegen ich weiter meiner derzeitigen Lieblingsserie <em><a href=\"https:\/\/en.wikipedia.org\/wiki\/Please_Like_Me\">Please Like Me<\/a><\/em> auf Netflix fr\u00f6nte. Danke an <a href=\"http:\/\/dasnuf.de\/\">dasnuf<\/a> f\u00fcr den Tipp.<\/p>\n<p><iframe loading=\"lazy\" width=\"500\" height=\"281\" src=\"https:\/\/www.youtube.com\/embed\/aRIzek-wH-E\" frameborder=\"0\" allowfullscreen><\/iframe><\/p>\n<p>Mir ist mal wieder aufgefallen, wie lange ich an, in meinen Augen, anst\u00e4ndigen Blogeintr\u00e4gen sitze. Das Tagebuchbloggen geht recht schnell, aber wenn ich \u00fcber mein Fach \u2013\u00a0oder sollte ich sagen: meinen Beruf? \u2013 blogge, dann lese ich lieber noch mal Dinge nach oder lasse den Eintrag notfalls l\u00e4nger liegen. \u00dcber den Saal 13 wollte ich bloggen, seitdem ich das erste Mal drin war, aber ich bin froh, dass ich den Eintrag in den Entw\u00fcrfen habe liegen lassen, denn jetzt mit der Einrahmung durch die Diskussion bekommt er eine bessere Einordnung als nur mein pers\u00f6nliches Empfinden. Wobei ich glaube, dass genau dieses Empfinden der Grund ist, warum meine Texte \u00fcberhaupt gelesen werden.<\/p>\n<p>&#8212;<\/p>\n<p>Den <em><a href=\"https:\/\/de.wikipedia.org\/wiki\/Der_Mann_ohne_Eigenschaften\">Mann ohne Eigenschaften<\/a><\/em> habe ich bereits mehrfach angelesen und kriege ihn einfach nicht durch. Eine <a href=\"https:\/\/www.nzz.ch\/feuilleton\/robert-musil-online-und-print-der-neue-mann-ohne-eigenschaften-ld.142189\">neue Ausgabe<\/a> verspricht eine sch\u00f6nes Layout f\u00fcrs Smartphone.<\/p>\n<p>(via <a href=\"https:\/\/twitter.com\/instantkarmabln\/status\/825243689404551169\">@instantkarmabln<\/a>)<\/p>\n<p>&#8212;<\/p>\n<p>Ich habe die Artikel selbst noch nicht gelesen, aber ich wollte das neben Twitter auch mal hier liegen lassen: <a href=\"https:\/\/www.theguardian.com\/us-news\/2017\/jan\/26\/media-bubble-conservative-articles-trump-first-week\">Burst your bubble: five conservative articles to read during Trump&#8217;s first week<\/a>.<\/p>\n<p>(via <a href=\"https:\/\/twitter.com\/akreye\/status\/825119950314549248\">@andriankreye<\/a>)<\/p>\n","protected":false},"excerpt":{"rendered":"<p>Ich wollte die Diskussion vom Donnerstag anst\u00e4ndig verbloggen und ging dazu morgens nochmal in die Pinakothek der Moderne, um mir den Saal 13 ein weiteres Mal anzuschauen. Dieses Mal nahm ich auch die ausliegende Brosch\u00fcre mit, um richtig zitieren zu k\u00f6nnen. Wie jedesmal ist es komisch, in den Raum zu kommen, aber vielleicht nur, weil [&hellip;]<\/p>\n","protected":false},"author":10,"featured_media":0,"comment_status":"closed","ping_status":"closed","sticky":false,"template":"","format":"standard","meta":{"footnotes":""},"categories":[1],"tags":[],"class_list":["post-26200","post","type-post","status-publish","format-standard","hentry","category-weblog"],"_links":{"self":[{"href":"https:\/\/ankegroener.de\/blog\/index.php?rest_route=\/wp\/v2\/posts\/26200","targetHints":{"allow":["GET"]}}],"collection":[{"href":"https:\/\/ankegroener.de\/blog\/index.php?rest_route=\/wp\/v2\/posts"}],"about":[{"href":"https:\/\/ankegroener.de\/blog\/index.php?rest_route=\/wp\/v2\/types\/post"}],"author":[{"embeddable":true,"href":"https:\/\/ankegroener.de\/blog\/index.php?rest_route=\/wp\/v2\/users\/10"}],"replies":[{"embeddable":true,"href":"https:\/\/ankegroener.de\/blog\/index.php?rest_route=%2Fwp%2Fv2%2Fcomments&post=26200"}],"version-history":[{"count":4,"href":"https:\/\/ankegroener.de\/blog\/index.php?rest_route=\/wp\/v2\/posts\/26200\/revisions"}],"predecessor-version":[{"id":26204,"href":"https:\/\/ankegroener.de\/blog\/index.php?rest_route=\/wp\/v2\/posts\/26200\/revisions\/26204"}],"wp:attachment":[{"href":"https:\/\/ankegroener.de\/blog\/index.php?rest_route=%2Fwp%2Fv2%2Fmedia&parent=26200"}],"wp:term":[{"taxonomy":"category","embeddable":true,"href":"https:\/\/ankegroener.de\/blog\/index.php?rest_route=%2Fwp%2Fv2%2Fcategories&post=26200"},{"taxonomy":"post_tag","embeddable":true,"href":"https:\/\/ankegroener.de\/blog\/index.php?rest_route=%2Fwp%2Fv2%2Ftags&post=26200"}],"curies":[{"name":"wp","href":"https:\/\/api.w.org\/{rel}","templated":true}]}}