{"id":30409,"date":"2018-11-26T09:26:33","date_gmt":"2018-11-26T08:26:33","guid":{"rendered":"http:\/\/ankegroener.de\/blog\/?p=30409"},"modified":"2018-11-26T09:26:33","modified_gmt":"2018-11-26T08:26:33","slug":"was-schon-war-sonntag-25-november-2018-sofatag","status":"publish","type":"post","link":"https:\/\/ankegroener.de\/blog\/?p=30409","title":{"rendered":"Was sch\u00f6n war, Sonntag, 25. November 2018 \u2013 Sofatag"},"content":{"rendered":"<p>Gestern habe ich nichts gemacht. Also nichts im Sinne von: Ich habe genau das gemacht, was ich machen wollte. Morgens die erste Kanne Tee gekocht, vom Bett aufs Sofa gewechselt, Feuchtwanger gelesen, ein, zwei Serienfolgen geguckt, weiter gelesen, noch eine Serienfolge, irgendwann zum standesgem\u00e4\u00dfen Mittagsschlaf weggenickt (vermutlich bei einer Serienfolge), n\u00e4chste Kanne Tee gekocht, zwischendurch ein paar Brote mit wahlweise Aprikosenkonfit\u00fcre oder K\u00e4se gegessen, gelesen, geguckt, Candy Crush gespielt, abends die K\u00fcche wieder auf Vordermann gebracht (aka Kr\u00fcmel wegwischen und abwaschen), am sp\u00e4ten Abend kam F. vorbei und es gab noch ein Bierchen zum Gespr\u00e4ch am K\u00fcchentisch. Gemeinsam eingeschlafen.<\/p>\n<p>Hervorragender Tag.<\/p>\n<p>&#8212;<\/p>\n<p><strong><a href=\"https:\/\/motherboard.vice.com\/en_us\/article\/vbk5ky\/keela-flex-menstrual-cup-design-bias\">This User-Friendly Menstrual Cup Is What Happens When Design Is Inclusive<\/a><\/strong><\/p>\n<p>Generell eine schlaue Idee: auf Menschen h\u00f6ren, die nicht dem Standardaussehen entsprechen und die Standardf\u00e4higkeiten haben. <\/p>\n<blockquote><p>\u201eThe whole thing started with Jane Adame cursing to herself in the bathroom. \u201cIt has a very unglamorous origin,\u201d said Adame. \u201cJust standing in the bathroom swearing and injuring myself.\u201d<\/p>\n<p>Adame was trying to remove a menstrual cup\u2014a small reusable cup to catch blood\u2014and it wasn\u2019t going well. A menstrual cup sits inside the vaginal canal, and if it\u2019s properly sized it should snugly hug the wall of the vagina. But that means in order to get the cup out, users have to be able to get their hand up into their vagina, deftly pinch the cup, and slowly pull it out, all without spilling the contents. Adame has Ehlers-Danlos syndrome, a connective-tissue disorder that often makes people&#8217;s joints unstable. When trying to take out the used cup requires a fair amount of both wrist flexibility and hand strength, Adame risks dislocating her joints. Not exactly something you ever want, but especially when you\u2019re trying to remove a container of blood from your body without spilling.<\/p>\n<p>Here at Design Bias, a lot of what I do is tell you about how badly things are designed. For this installment of the column, I\u2019d like to show what\u2019s possible when previously excluded voices are included in the design process. Because that\u2019s exactly what Adame, and the cup she invented, represent.\u201c<\/p><\/blockquote>\n<p>(via @<a href=\"https:\/\/twitter.com\/hanhaiwen\/status\/1066716791144103938\">hanhaiwen<\/a>)<\/p>\n<p>&#8212;<\/p>\n<p>Jeden Tag eine gute Tat.<\/p>\n<blockquote class=\"twitter-tweet\" data-lang=\"de\">\n<p lang=\"de\" dir=\"ltr\">Ich m\u00f6chte eine D\u00fcrer-Ente von den <a href=\"https:\/\/twitter.com\/Pinakotheken?ref_src=twsrc%5Etfw\">@Pinakotheken<\/a>. <a href=\"https:\/\/t.co\/Mut30WTyZo\">https:\/\/t.co\/Mut30WTyZo<\/a><\/p>\n<p>&mdash; Anke Gr\u00f6ner (@ankegroener) <a href=\"https:\/\/twitter.com\/ankegroener\/status\/1066633285965676545?ref_src=twsrc%5Etfw\">25. November 2018<\/a><\/p><\/blockquote>\n<p><script async src=\"https:\/\/platform.twitter.com\/widgets.js\" charset=\"utf-8\"><\/script><\/p>\n<blockquote class=\"twitter-tweet\" data-lang=\"de\">\n<p lang=\"de\" dir=\"ltr\">Wir notieren das mal auf\u2018s Ideenboard. Danke! <a href=\"https:\/\/t.co\/3tbTzTpzQP\">pic.twitter.com\/3tbTzTpzQP<\/a><\/p>\n<p>&mdash; Pinakotheken (@Pinakotheken) <a href=\"https:\/\/twitter.com\/Pinakotheken\/status\/1066715326929354752?ref_src=twsrc%5Etfw\">25. November 2018<\/a><\/p><\/blockquote>\n<p><script async src=\"https:\/\/platform.twitter.com\/widgets.js\" charset=\"utf-8\"><\/script><\/p>\n","protected":false},"excerpt":{"rendered":"<p>Gestern habe ich nichts gemacht. Also nichts im Sinne von: Ich habe genau das gemacht, was ich machen wollte. Morgens die erste Kanne Tee gekocht, vom Bett aufs Sofa gewechselt, Feuchtwanger gelesen, ein, zwei Serienfolgen geguckt, weiter gelesen, noch eine Serienfolge, irgendwann zum standesgem\u00e4\u00dfen Mittagsschlaf weggenickt (vermutlich bei einer Serienfolge), n\u00e4chste Kanne Tee gekocht, zwischendurch [&hellip;]<\/p>\n","protected":false},"author":10,"featured_media":0,"comment_status":"closed","ping_status":"closed","sticky":false,"template":"","format":"standard","meta":{"footnotes":""},"categories":[1],"tags":[],"class_list":["post-30409","post","type-post","status-publish","format-standard","hentry","category-weblog"],"_links":{"self":[{"href":"https:\/\/ankegroener.de\/blog\/index.php?rest_route=\/wp\/v2\/posts\/30409","targetHints":{"allow":["GET"]}}],"collection":[{"href":"https:\/\/ankegroener.de\/blog\/index.php?rest_route=\/wp\/v2\/posts"}],"about":[{"href":"https:\/\/ankegroener.de\/blog\/index.php?rest_route=\/wp\/v2\/types\/post"}],"author":[{"embeddable":true,"href":"https:\/\/ankegroener.de\/blog\/index.php?rest_route=\/wp\/v2\/users\/10"}],"replies":[{"embeddable":true,"href":"https:\/\/ankegroener.de\/blog\/index.php?rest_route=%2Fwp%2Fv2%2Fcomments&post=30409"}],"version-history":[{"count":3,"href":"https:\/\/ankegroener.de\/blog\/index.php?rest_route=\/wp\/v2\/posts\/30409\/revisions"}],"predecessor-version":[{"id":30412,"href":"https:\/\/ankegroener.de\/blog\/index.php?rest_route=\/wp\/v2\/posts\/30409\/revisions\/30412"}],"wp:attachment":[{"href":"https:\/\/ankegroener.de\/blog\/index.php?rest_route=%2Fwp%2Fv2%2Fmedia&parent=30409"}],"wp:term":[{"taxonomy":"category","embeddable":true,"href":"https:\/\/ankegroener.de\/blog\/index.php?rest_route=%2Fwp%2Fv2%2Fcategories&post=30409"},{"taxonomy":"post_tag","embeddable":true,"href":"https:\/\/ankegroener.de\/blog\/index.php?rest_route=%2Fwp%2Fv2%2Ftags&post=30409"}],"curies":[{"name":"wp","href":"https:\/\/api.w.org\/{rel}","templated":true}]}}