{"id":31918,"date":"2019-05-30T07:40:31","date_gmt":"2019-05-30T06:40:31","guid":{"rendered":"http:\/\/ankegroener.de\/blog\/?p=31918"},"modified":"2019-08-25T05:19:33","modified_gmt":"2019-08-25T04:19:33","slug":"tagebuch-mittwoch-29-mai-2019-wieder-was-gelernt","status":"publish","type":"post","link":"https:\/\/ankegroener.de\/blog\/?p=31918","title":{"rendered":"Tagebuch Mittwoch, 29. Mai 2019 \u2013 Wieder was gelernt"},"content":{"rendered":"<p>Es regnete zwar ein bisschen, aber ich hatte mir in den Kopf gesetzt, endlich mal wieder mit dem Rad ins ZI zu fahren und nicht die U-Bahn zu nehmen. Ich glaube, mein Po ist \u00fcber den Winter vollkommen verweichlicht \u2013 mein Sattel kam mir noch nie so hart vor! Und Kopfsteinpflaster ist die H\u00f6lle! Aber: OMG RADFAHREN SO AWESOME! Hatte ich ganz vergessen, wie schnell man \u00fcberall hinkommt. Und wie fies aufmerksam man sein muss, um \u00fcberall hinzukommen. Zuviele Autot\u00fcren, zu viele Fu\u00dfg\u00e4nger, die nicht kapieren, dass dieses huckelige Handtuch da links von ihnen ein Radweg ist. *hust*<\/p>\n<p>&#8212;<\/p>\n<p>Den Vormittag verbrachte ich dann mit den Jahren 1935 bis 1937 und den Werken, die Protzen in diesen drei Jahren ausstellte. Neben diversen M\u00fcnchner Katalogen fand ich noch einen aus Berlin (wir haben ja quasi ALLES!), aber einen weiteren Berliner fand ich so gar nicht, auch nicht in anderen Bibliotheken oder in der Fachliteratur, was mich sehr stutzig machte. Soweit zu gehen zu behaupten, dass diese sehr bekannte Ausstellung gar nicht stattgefunden hat, will ich nat\u00fcrlich nicht, aber das verwirrt mich jetzt doch sehr. Freitag wird weitergesucht, heute geht ja feiertagsm\u00e4\u00dfig nichts.<\/p>\n<p>Einschub. F. so vor ein paar Tagen: \u201eDonnerstag ist Feiertag.\u201c Ich so: \u201eDen haben wir im Norden auch!\u201c F. so: \u201eIch sag&#8217;s dir lieber einmal zu oft.\u201c Isser nicht goldig? Einschub Ende.<\/p>\n<p>Und weil er so goldig ist, schicke ich ihm immer Bilder von der <a href=\"https:\/\/de.wikipedia.org\/wiki\/Irschenberg\">Irschenberg<\/a>-Auffahrt, der meiner Meinung nach meistgemalten und meistfotografierten Ansicht der Reichsautobahn (hier von <a href=\"https:\/\/de.wikipedia.org\/wiki\/7_M%C3%BCnchner_Maler\">Wolf Panizza<\/a>). Ich finde das Ding todschick, in jeder Perspektive, in jeder Ausf\u00fchrung, aber F. ist nur genervt: \u201eDA STEHT MAN IMMER IM STAU! DU UND DEIN SCHEISS-IRSCHENBERG, WIR FAHREN DA JETZT HIN, DANN HAT DAS EIN ENDE!\u201c Gnihi.<\/p>\n<p><img loading=\"lazy\" decoding=\"async\" src=\"http:\/\/ankegroener.de\/blog\/..\/Bilder\/58081472084__1F677D12-9BC4-435D-8DFE-0EC1291028BB.jpg\" alt=\"\" width=\"500\" height=\"572\" class=\"alignnone size-full wp-image-31920\" \/><\/p>\n<p>&#8212;<\/p>\n<p>Nach fast f\u00fcnf Stunden war ich noch nicht mal mit 1937 fertig, denn um den gr\u00f6\u00dften Brocken, die Gro\u00dfe Deutsche Kunstausstellung, dr\u00fcckte ich mich, obwohl da nur zwei Bilder von ihm hingen. Aber mein Kopf hatte keine Lust mehr, ich setzte mich wieder aufs Fahrrad. (Aua!)<\/p>\n<p>Ich radelte zur Stabi, wo noch ein Buch im Lesesaal auf mich wartete, das ich v\u00f6llig vergessen hatte. Netterweise schreibt die Stabi einem Mails, wenn man B\u00fccher zur\u00fcckgeben muss, und so erfuhr ich, dass dort seit Wochen was f\u00fcr mich lag. Nat\u00fcrlich ein Buch f\u00fcr das Autobahnkapitel, das ich brav und diszipliniert hintenan gestellt hatte, weil ich erstmal Biografie und Ausstellungen fertig kriegen will. <\/p>\n<p>Ich z\u00fcckte meinen neuen Bibliotheksausweis und ging zu Regal 40 im Lesesaal. Im Regal 40 hatte ich unten bei der Abholung f\u00fcr B\u00fccher au\u00dfer Haus schon einiges f\u00fcr mich gefunden, musste hier nun aber feststellen, dass nichts f\u00fcr mich da war. Ich guckte verwirrt nochmal in mein altes Regal (miss you, 32!), weil ich dachte, vielleicht hatte ich das noch auf die alte Karte ausgeliehen, aber da lag auch nichts. Wie ein Erstsemester schlich ich zur Information, wo man mir, wie wahrscheinlich schon 20.000 anderen erkl\u00e4rte: Nee, f\u00fcr den Lesesaal gilt diese Nummer hier auf dem Ausweis, das ist das gleiche Regal wie in der Unibibliothek, ja, Sie haben jetzt in der Stabi zwei Regalnummern. Auf diese sinnlose Idee war ich nicht gekommen, aber nun gut: Regal 19 it is. &#8230; Wo zum Teufel ist Regal 19? &#8230; Ach, da hinten geht das noch weiter? &#8230; Hallooooo? &#8230; Ein L\u00e4mpchen flackerte \u00fcber mir auf, als ich in den Tiefen des Magazins verschwand und endlich vor Regal 19 stand, wo auch das Buch mit meinem Ausleihzettel lag. <\/p>\n<p>Ich las ein bisschen <a href=\"https:\/\/www.zvab.com\/buch-suchen\/titel\/fritz-todt\/autor\/eduard-schoenleben\/\">NS-Propaganda<\/a>, was man halt so macht, fand ein paar sch\u00f6ne Zitate, klappte das Buch zu und gab es zur\u00fcck.<\/p>\n<p>&#8212;<\/p>\n<p>Nach Hause geradelt (aua!), eingekauft und dann ein bisschen spazierengegangen. Ich habe in den letzten Tagen anscheinend wieder dauernd doof und unaufmerksam gesessen, dann tun mir die Knie weh, und ich muss gehen, denn wenn ich gehe, tun mir netterweise die Knie nicht weh. Mir w\u00e4re es lieber, wenn mir die Knie nicht weh tun, indem ich auf der Couch rumliege, aber man kann ja nicht alles haben.<\/p>\n<p><img loading=\"lazy\" decoding=\"async\" src=\"http:\/\/ankegroener.de\/blog\/..\/Bilder\/IMG_4855.jpg\" alt=\"\" width=\"500\" height=\"500\" class=\"alignnone size-full wp-image-31921\" srcset=\"https:\/\/ankegroener.de\/blog\/..\/Bilder\/IMG_4855.jpg 500w, https:\/\/ankegroener.de\/blog\/..\/Bilder\/IMG_4855-150x150.jpg 150w\" sizes=\"auto, (max-width: 500px) 100vw, 500px\" \/><\/p>\n<p>Dem Lieblingsgrab auf dem Alten Nordfriedhof mal wieder einen Besuch abgestattet.<\/p>\n<p>Und dann wieder was gelernt, was ich nat\u00fcrlich total uneigenn\u00fctzig weitergebe. Ein paar Meter neben diesem Grab ist folgendes, wo M\u00fcnchner K\u00fcnstler anderen Malern anscheinend eine Gedenktafel gestiftet haben:<\/p>\n<p><img loading=\"lazy\" decoding=\"async\" src=\"http:\/\/ankegroener.de\/blog\/..\/Bilder\/IMG_4857.jpg\" alt=\"\" width=\"500\" height=\"372\" class=\"alignnone size-full wp-image-31926\" \/><\/p>\n<p>Die linke Figur tr\u00e4gt einen Schild mit drei weiteren Schilden drauf:<\/p>\n<p><img loading=\"lazy\" decoding=\"async\" src=\"http:\/\/ankegroener.de\/blog\/..\/Bilder\/IMG_4858.jpg\" alt=\"\" width=\"500\" height=\"828\" class=\"alignnone size-full wp-image-31925\" srcset=\"https:\/\/ankegroener.de\/blog\/..\/Bilder\/IMG_4858.jpg 500w, https:\/\/ankegroener.de\/blog\/..\/Bilder\/IMG_4858-483x800.jpg 483w\" sizes=\"auto, (max-width: 500px) 100vw, 500px\" \/><\/p>\n<p>Und genau die hatte ich in den letzten Monaten dauernd gesehen. Hier zum Beispiel:<\/p>\n<p><img loading=\"lazy\" decoding=\"async\" src=\"http:\/\/ankegroener.de\/blog\/..\/Bilder\/mkg1934.jpg\" alt=\"\" width=\"500\" height=\"700\" class=\"alignnone size-full wp-image-31923\" \/><\/p>\n<p>Oder hier:<\/p>\n<p><img loading=\"lazy\" decoding=\"async\" src=\"http:\/\/ankegroener.de\/blog\/..\/Bilder\/max1940.jpg\" alt=\"\" width=\"500\" height=\"692\" class=\"alignnone size-full wp-image-31924\" \/><\/p>\n<p>Das Titelbild des letzten Katalogs hat \u00fcbrigens der ausgebildete Gebrauchsgrafiker Protzen gestaltet. <\/p>\n<p>Erst gestern, als ich die Gedenktafel sah, fiel mir das Motiv auf. Ich googelte nach dem Spaziergang zuhause nach, weil ich dachte, vielleicht w\u00e4re das so ein M\u00fcnchen-Ding, aber nein: Die drei Schilde sind ein uraltes <a href=\"https:\/\/www.heraldik-wiki.de\/wiki\/K%C3%BCnstlerwappen\">Wappen f\u00fcr die Malerzunft<\/a>. Und schon habt ihr wieder ein bisschen Smalltalkfutter f\u00fcr die n\u00e4chste Party.<\/p>\n<p>Nebenbei mag ich es sehr gern, dass die kleine Figur nicht ganz zentral auf ihrem Podest steht, sondern leicht nach links verschoben, damit der Schild theoretisch noch in den vorhandenen Raum passt \u2013 was er aber dann doch nicht tut und den Rahmen leicht \u00fcberragt.<\/p>\n<p>&#8212;<\/p>\n<p>Den Feierabend mit einem Kilo Kirschen verbracht und den ersten Folgen <em>Six Feet Under<\/em>. Das Ding ist schon von 2001? Jessas. Aber: sehr gut gealtert! Kann man noch hervorragend gucken.<\/p>\n","protected":false},"excerpt":{"rendered":"<p>Es regnete zwar ein bisschen, aber ich hatte mir in den Kopf gesetzt, endlich mal wieder mit dem Rad ins ZI zu fahren und nicht die U-Bahn zu nehmen. Ich glaube, mein Po ist \u00fcber den Winter vollkommen verweichlicht \u2013 mein Sattel kam mir noch nie so hart vor! Und Kopfsteinpflaster ist die H\u00f6lle! Aber: [&hellip;]<\/p>\n","protected":false},"author":10,"featured_media":0,"comment_status":"closed","ping_status":"closed","sticky":false,"template":"","format":"standard","meta":{"footnotes":""},"categories":[1],"tags":[],"class_list":["post-31918","post","type-post","status-publish","format-standard","hentry","category-weblog"],"_links":{"self":[{"href":"https:\/\/ankegroener.de\/blog\/index.php?rest_route=\/wp\/v2\/posts\/31918","targetHints":{"allow":["GET"]}}],"collection":[{"href":"https:\/\/ankegroener.de\/blog\/index.php?rest_route=\/wp\/v2\/posts"}],"about":[{"href":"https:\/\/ankegroener.de\/blog\/index.php?rest_route=\/wp\/v2\/types\/post"}],"author":[{"embeddable":true,"href":"https:\/\/ankegroener.de\/blog\/index.php?rest_route=\/wp\/v2\/users\/10"}],"replies":[{"embeddable":true,"href":"https:\/\/ankegroener.de\/blog\/index.php?rest_route=%2Fwp%2Fv2%2Fcomments&post=31918"}],"version-history":[{"count":11,"href":"https:\/\/ankegroener.de\/blog\/index.php?rest_route=\/wp\/v2\/posts\/31918\/revisions"}],"predecessor-version":[{"id":32664,"href":"https:\/\/ankegroener.de\/blog\/index.php?rest_route=\/wp\/v2\/posts\/31918\/revisions\/32664"}],"wp:attachment":[{"href":"https:\/\/ankegroener.de\/blog\/index.php?rest_route=%2Fwp%2Fv2%2Fmedia&parent=31918"}],"wp:term":[{"taxonomy":"category","embeddable":true,"href":"https:\/\/ankegroener.de\/blog\/index.php?rest_route=%2Fwp%2Fv2%2Fcategories&post=31918"},{"taxonomy":"post_tag","embeddable":true,"href":"https:\/\/ankegroener.de\/blog\/index.php?rest_route=%2Fwp%2Fv2%2Ftags&post=31918"}],"curies":[{"name":"wp","href":"https:\/\/api.w.org\/{rel}","templated":true}]}}