{"id":32265,"date":"2019-07-06T07:59:45","date_gmt":"2019-07-06T06:59:45","guid":{"rendered":"http:\/\/ankegroener.de\/blog\/?p=32265"},"modified":"2019-08-25T05:02:26","modified_gmt":"2019-08-25T04:02:26","slug":"was-schon-war-dienstag-bis-freitag-2-bis-5-juli-2019","status":"publish","type":"post","link":"https:\/\/ankegroener.de\/blog\/?p=32265","title":{"rendered":"Was sch\u00f6n war, Dienstag bis Freitag, 2. bis 5. Juli 2019"},"content":{"rendered":"<p>Dienstag war ich in der Stabi, um Dinge nachzulesen, die im Prinzip als Kopie auf meinem Schreibtisch liegen.<\/p>\n<p>Zur Erkl\u00e4rung: F\u00fcr die Ged\u00e4chtnisausstellung von Protzen und Gattin 1976 hatte der damalige Volont\u00e4r im Lenbachhaus, <a href=\"https:\/\/de.wikipedia.org\/wiki\/Helmut_Friedel\">Helmut Friedel<\/a>, schon so ziemlich alles zusammengetragen, was \u00fcber Protzen mal in Zeitschriften erschienen war. Seine Sammlung lag im Archiv des Lenbachhauses, ich kopierte alles, las auch alles durch \u2013 und wollte alles nochmal im Original lesen. Ich habe gerne Kontext zu Artikeln, ich will immer wissen, was um diese eine Erw\u00e4hnung herum noch passiert, wer noch erw\u00e4hnt wird, worum es \u00fcberhaupt geht, und was ist das \u00fcberhaupt f\u00fcr eine Zeitschrift?<\/p>\n<p>Au\u00dferdem wusste ich aus Lexikoneintr\u00e4gen, dass ein Bild von Protzen \u2013 <em>Industrie<\/em> (1929) \u2013 in einem Exemplar von <em>Westermanns Monatsheften<\/em> 1929 abgebildet war, ich wusste aber nicht, welches Bild und in welchem Artikel. Also lie\u00df ich mir das Ding zur\u00fccklegen, stellte am Regal fest, dass es Mikrofiche war und nichts zum Bl\u00e4ttern und richtete mich seufzend auf die Folterst\u00fchle im Kabuff unter der Treppe ein und mindestens f\u00fcnf Versuche, bis ich das Material so ins Leseger\u00e4t gekriegt hatte, dass ich es lesen konnte, nicht auf dem Kopf stehend, nicht seitenverkehrt. So war es dann auch.<\/p>\n<p><img loading=\"lazy\" decoding=\"async\" src=\"http:\/\/ankegroener.de\/blog\/..\/Bilder\/C86C9715-BBDC-428B-ADE8-9B8B3A9E7EEE.jpg\" alt=\"\" width=\"500\" height=\"500\" class=\"alignnone size-full wp-image-32275\" srcset=\"https:\/\/ankegroener.de\/blog\/..\/Bilder\/C86C9715-BBDC-428B-ADE8-9B8B3A9E7EEE.jpg 500w, https:\/\/ankegroener.de\/blog\/..\/Bilder\/C86C9715-BBDC-428B-ADE8-9B8B3A9E7EEE-150x150.jpg 150w\" sizes=\"auto, (max-width: 500px) 100vw, 500px\" \/><\/p>\n<p>&#8212;<\/p>\n<p>Am Mittwoch war ich wieder im Lenbachhaus und durfte das Fr\u00fchwerk von Protzen ablichten, das da uninventarisiert rumliegt, mein Riechsalz! Meine Kuratorinnenbekannte musste bei mir bleiben, damit ich ja nichts klaue, und das war genau richtig so, denn das h\u00e4tte ich total gemacht. Nein, nat\u00fcrlich nicht. Aber ich will immer noch den beiden H\u00e4usern, die den Gro\u00dfteil seiner Werke haben, eins aus den Rippen leiern, weil die das Zeug ja eh nicht haben wollen, aber geben d\u00fcrfen sie es mir leider auch nicht, weil sie eine Aufbewahrungspflicht (oder so \u00e4hnlich) haben: Wenn&#8217;s im Bestand ist, dann bleibt&#8217;s da auch, wie es sich f\u00fcr st\u00e4dtische und staatliche H\u00e4user geh\u00f6rt. Mist. Die <em>Rauhreif-H\u00f6fe<\/em> w\u00fcrden so gut \u00fcber mein Sofa passen!<\/p>\n<p>Und nun, exklusiv f\u00fcr meine Blogleser*innen, ein Bild, das vermutlich seit 40 Jahren niemand mehr gesehen hat &#8230; und davor wahrscheinlich auch nicht so irre viele Leute. Das Bildchen ist von 1916, also noch in der Zeit von Protzens Zivilgefangenschaft auf Korsika entstanden. Wann das Passepartout drumgekommen ist, wei\u00df ich nicht. Ma\u00dfe habe ich mir auch nicht notiert, wie ich jetzt beim Aufschreiben merke, ich Anf\u00e4ngerin. Aber es sieht in seiner Reduzierung auf wenige Farben und Formen dramatisch anders aus als die quietschigen, \u00fcppigen Landschaften, die er dann seit den 1920ern ein ums andere Mal zu Papier oder auf die Leinwand gebracht hat. Tolles Zeug. Davon waren noch weitere vier oder f\u00fcnf Bl\u00e4tter in der Mappe, und die m\u00f6chte ich auf jeden Fall in der Diss erw\u00e4hnen. Daf\u00fcr hat mir die Frau Kuratorin auch gleich mal aufgeschrieben, wie ich den Ort korrekt benenne, solange der Stapel noch keine Inventarisierungsnummer hat: \u201eKonvolut aus dem Nachlass von Carl Theodor Protzen und Henny Protzen-Kundm\u00fcller, ohne Inv.-Nr. (Erwerbungsjahre entsprechend Gem\u00e4lde [1967]).\u201c <\/p>\n<p><img loading=\"lazy\" decoding=\"async\" src=\"http:\/\/ankegroener.de\/blog\/..\/Bilder\/Bildschirmfoto-2019-07-05-um-15.59.15.png\" alt=\"\" width=\"500\" height=\"353\" class=\"alignnone size-full wp-image-32274\" \/><\/p>\n<p>&#8212;<\/p>\n<p>Mittwoch abend sp\u00fclte mir dann jemand diesen Tweet in die Timeline (klicken f\u00fcr Thread):<\/p>\n<blockquote class=\"twitter-tweet\" data-lang=\"de\">\n<p lang=\"en\" dir=\"ltr\">My mum is reading One Day in one day for the first time and doesn\u2019t know anything about the plot. I keep nervously asking her where she is in it and she keeps cheerily saying things like: \u201c1999!!!! God I\u2019m loving it! What a love story!!!\u201d. Tonight will be a dark night.<\/p>\n<p>&mdash; Dolly H Alderton (@dollyalderton) <a href=\"https:\/\/twitter.com\/dollyalderton\/status\/1146450654161965056?ref_src=twsrc%5Etfw\">3. Juli 2019<\/a><\/p><\/blockquote>\n<p><script async src=\"https:\/\/platform.twitter.com\/widgets.js\" charset=\"utf-8\"><\/script><\/p>\n<p>Ich kenne weder Frau Alderton noch hatte ich von diesem Buch je geh\u00f6rt, aber das machte mich neugierig. Ich sah, dass es <em><a target=\"_blank\" href=\"https:\/\/www.amazon.de\/gp\/product\/0340994681\/ref=as_li_tl?ie=UTF8&#038;camp=1638&#038;creative=6742&#038;creativeASIN=0340994681&#038;linkCode=as2&#038;tag=httpwwwankegr-21&#038;linkId=c88ddefd025fd90d9992d6cf1e98e4df\">One Day<\/a><img loading=\"lazy\" decoding=\"async\" src=\"\/\/ir-de.amazon-adsystem.com\/e\/ir?t=httpwwwankegr-21&#038;l=am2&#038;o=3&#038;a=0340994681\" width=\"1\" height=\"1\" border=\"0\" alt=\"\" style=\"border:none !important; margin:0px !important;\" \/><\/em> als Kindle-Ausgabe gab, lie\u00df mir die Leseprobe schicken &#8230; und las von Mittwoch abend an bis Freitag mittag mit wenigen Unterbrechungen einen Roman von 2009. Sooo dramatisch fand ich ihn jetzt nicht, aber das mag am Tweet gelegen haben, weil ich ja wusste, irgendwann kommt was ganz F\u00fcrchterliches. Ansonsten war er nicht weltbewegend, aber sehr verf\u00fchrerisch runtergeschrieben, und bis auf wenige S\u00e4tze, die sich mit der Optik der weiblichen Figuren befassten, freundlich formuliert.<\/p>\n<p>Die Grundidee ist, immer den gleichen Tag eines Jahres zu beschreiben, aus der Sicht der zwei Hauptfiguren. Das ist die ersten vier, f\u00fcnf Jahre sehr reizvoll, danach wird es manchmal nervig, weil so wichtige Entwicklungen nur erw\u00e4hnt werden k\u00f6nnen, denn das w\u00e4re ja noch alberner, wenn alles Wichtige genau an diesem Tag stattf\u00e4nde. Deswegen kam mir das literarische Vehikel irgendwann eher wie ein Korsett vor, in das jetzt irgendwie die Story gezw\u00e4ngt werden muss, und zweitens h\u00e4tte ich gerne mehr vom Rest des Jahres gelesen. Ab und zu br\u00fcllte ich: \u201eJetzt bleib doch mal an deinen Figuren dran, Alter!\u201c Aber gut. Es funktioniert irgendwie, und ich habe es anscheinend gerne gelesen.<\/p>\n<p>Was daran sch\u00f6n war: Zeit f\u00fcr sowas zu haben. <\/p>\n<p>Was auch sch\u00f6n war: mal wieder auf dem iPad mini zu lesen und es bewusst in der Hand zu haben. Normalerweise steckt es in einer h\u00e4sslichen H\u00fclle, weil ich auf meinem eReader wirklich keine Kratzer haben will; mein Handy hatte noch nie eine H\u00fclle und kriegt auch keine. Deswegen sp\u00fcre ich meist das bl\u00f6de Plastik, wenn ich das Pad in der Hand habe, um Streams darauf zu schauen oder Hay Day zu spielen. F\u00fcr die circa 15 Stunden Lesezeit nahm ich es aber heraus und merkte mal wieder, wie wunderbar das Ding gestaltet ist und wie gut es sich unter meinen Fingern anf\u00fchlt.<\/p>\n<p>Was am sch\u00f6nsten war: Freitag morgen sa\u00df ich mit dem iPad auf dem Balkon, vor mir ein Flat White, auf der Nase die neue Sonnenbrille, die daf\u00fcr sorgte, dass die hellen Fassaden gegen\u00fcber mich nicht mehr blendeten, Schatten \u00fcber mir, <a href=\"https:\/\/www.instagram.com\/p\/Bzhm3N9I8cj\/\">Pflanzen und Hummeln um mich herum<\/a>, ein leichter Wind. Und wenn nicht zwei Stra\u00dfen weiter gerade eine Baustelle w\u00e4re und damit fieser L\u00e4rm, h\u00e4tte sich das fast wie Urlaub angef\u00fchlt.<\/p>\n<p>&#8212;<\/p>\n<p>Donnerstag abend waren F. und ich im NS-Dokumentationszentrum, um uns einen Vortrag von <a href=\"https:\/\/www.nytimes.com\/column\/roger-cohen\">Roger Cohen<\/a> anzuh\u00f6ren. Bis auf ein paar S\u00e4tze, wo er gegen <em>safe spaces<\/em> und Sprachverbote wetterte (knurr), nickte ich alles ab, was er \u00fcber die seit Trump ver\u00e4nderten transatlantischen Beziehungen, die USA und Europa zu sagen hatte. <a href=\"https:\/\/www.facebook.com\/nsdoku\/videos\/314741222742200\/?__xts__[0]=68.ARC9-lnJsyInH3qKH8I-JXyl5QoC5cR2vHor04GfowpxOx2ISKHgSOGuoG50V7dvWkt7jPDJihMP-PlVPoYVHFcmNNuqgUHxC70T-pMsIfsmOvQuu0rJomXBB-4cPArENBISeg7dsGwJeR4xJ5x4oTY8D1w_IyJRCoirUMsuturLZkwshhF9AI8QtLz-nFEVWR2llTdiCwTZ3sfwsa3Ra1Haj84tKC1vwss3Tgs7RA4jqMF5zgVWcepaK-dNmhRWZ_BLxQ798ADFqVAz0V-7E6FkYThEhUMvE0qa3BdugyiaM1xGdyq3h4P9HmLzTixzY-P8WMBrnYXxTnOGw0Y48XiPZ28wyUmF&#038;__tn__=-R\">Der Vortrag ist auf Facebook nachzusehen<\/a>, aber Bild und Ton sind leider nicht die besten.<\/p>\n<p>Wir gingen danach noch hungrig pakistanisch essen, redeten, genossen noch einen <a href=\"https:\/\/www.instagram.com\/p\/BzghmSZosrK\/\">Absacker-Gin auf F.s Balkon<\/a> (ich nur einen halben) und schliefen gemeinsam ein. Was auch sch\u00f6n war.<\/p>\n<p>&#8212;<\/p>\n<p>Gestern abend ein Foto vom 30-j\u00e4hrigen Abitreffen zugemailt bekommen. Ich bin seit dem Zehnj\u00e4hrigen nicht mehr dabei gewesen und erscheckte mich etwas: Das sind ja alles alte Leute geworden? OMG ich bin auch ein altes Leut geworden! Sinnkrise galore. Und gleichzeitig: Die sehen aber alle zufrieden aus. Das freute mich dann wieder, ich schickte geistig einen Gru\u00df in die alte Heimat und war wieder froh, nicht mehr dort zu wohnen. Und nie wieder in der Pubert\u00e4t in die Schule gehen zu m\u00fcssen. Jetzt, ja, sofort wieder, jetzt wei\u00df ich ja, wozu ich das alles brauche. Wobei: Integralrechnung und Atommodelle waren dann doch eher eine f\u00fcr mich sinnlose Besch\u00e4ftigung.<\/p>\n","protected":false},"excerpt":{"rendered":"<p>Dienstag war ich in der Stabi, um Dinge nachzulesen, die im Prinzip als Kopie auf meinem Schreibtisch liegen. Zur Erkl\u00e4rung: F\u00fcr die Ged\u00e4chtnisausstellung von Protzen und Gattin 1976 hatte der damalige Volont\u00e4r im Lenbachhaus, Helmut Friedel, schon so ziemlich alles zusammengetragen, was \u00fcber Protzen mal in Zeitschriften erschienen war. Seine Sammlung lag im Archiv des [&hellip;]<\/p>\n","protected":false},"author":10,"featured_media":0,"comment_status":"closed","ping_status":"closed","sticky":false,"template":"","format":"standard","meta":{"footnotes":""},"categories":[1],"tags":[],"class_list":["post-32265","post","type-post","status-publish","format-standard","hentry","category-weblog"],"_links":{"self":[{"href":"https:\/\/ankegroener.de\/blog\/index.php?rest_route=\/wp\/v2\/posts\/32265","targetHints":{"allow":["GET"]}}],"collection":[{"href":"https:\/\/ankegroener.de\/blog\/index.php?rest_route=\/wp\/v2\/posts"}],"about":[{"href":"https:\/\/ankegroener.de\/blog\/index.php?rest_route=\/wp\/v2\/types\/post"}],"author":[{"embeddable":true,"href":"https:\/\/ankegroener.de\/blog\/index.php?rest_route=\/wp\/v2\/users\/10"}],"replies":[{"embeddable":true,"href":"https:\/\/ankegroener.de\/blog\/index.php?rest_route=%2Fwp%2Fv2%2Fcomments&post=32265"}],"version-history":[{"count":15,"href":"https:\/\/ankegroener.de\/blog\/index.php?rest_route=\/wp\/v2\/posts\/32265\/revisions"}],"predecessor-version":[{"id":32654,"href":"https:\/\/ankegroener.de\/blog\/index.php?rest_route=\/wp\/v2\/posts\/32265\/revisions\/32654"}],"wp:attachment":[{"href":"https:\/\/ankegroener.de\/blog\/index.php?rest_route=%2Fwp%2Fv2%2Fmedia&parent=32265"}],"wp:term":[{"taxonomy":"category","embeddable":true,"href":"https:\/\/ankegroener.de\/blog\/index.php?rest_route=%2Fwp%2Fv2%2Fcategories&post=32265"},{"taxonomy":"post_tag","embeddable":true,"href":"https:\/\/ankegroener.de\/blog\/index.php?rest_route=%2Fwp%2Fv2%2Ftags&post=32265"}],"curies":[{"name":"wp","href":"https:\/\/api.w.org\/{rel}","templated":true}]}}