{"id":32531,"date":"2019-08-15T17:03:51","date_gmt":"2019-08-15T16:03:51","guid":{"rendered":"http:\/\/ankegroener.de\/blog\/?p=32531"},"modified":"2019-08-17T10:18:17","modified_gmt":"2019-08-17T09:18:17","slug":"fehlfarben-22-body-check-aenne-biermann-franz-radziwill","status":"publish","type":"post","link":"https:\/\/ankegroener.de\/blog\/?p=32531","title":{"rendered":"Fehlfarben 22: BODY CHECK\/Aenne Biermann\/Franz Radziwill"},"content":{"rendered":"<p>Drei Ausstellungen, drei Weine. Als ob wir es geplant h\u00e4tten!<\/p>\n<p><img loading=\"lazy\" decoding=\"async\" src=\"http:\/\/ankegroener.de\/blog\/..\/Bilder\/IMG_5456.jpg\" alt=\"\" width=\"500\" height=\"500\" class=\"alignnone size-full wp-image-32533\" srcset=\"https:\/\/ankegroener.de\/blog\/..\/Bilder\/IMG_5456.jpg 500w, https:\/\/ankegroener.de\/blog\/..\/Bilder\/IMG_5456-150x150.jpg 150w\" sizes=\"auto, (max-width: 500px) 100vw, 500px\" \/><br \/>\n<iframe loading=\"lazy\" src=\"https:\/\/archive.org\/embed\/fehlfarben-022\" width=\"500\" height=\"30\" frameborder=\"0\" webkitallowfullscreen=\"true\" mozallowfullscreen=\"true\" allowfullscreen><\/iframe><\/p>\n<p>Podcast <a href=\"https:\/\/archive.org\/details\/fehlfarben-022\">herunterladen<\/a> (<a href=\"https:\/\/ia801400.us.archive.org\/11\/items\/fehlfarben-022\/Fehlfarben%2022%20-%20Bodycheck%2C%20Aenne%20Biermann%20%26%20Franz%20Radziwill.mp3\">MP3-Direktlink<\/a>, 84 MB, 105 min), <a href=\"http:\/\/feeds.feedburner.com\/fehlfarben\">abonnieren<\/a> (RSS-Feed f\u00fcr den Podcatcher eurer Wahl), via <a href=\"https:\/\/itunes.apple.com\/de\/podcast\/fehlfarben-ein-munchner-kulturpodcast\/id912226816\">iTunes<\/a> anh\u00f6ren.<\/p>\n<p>00.00:00. Begr\u00fc\u00dfung und Vorstellung.<\/p>\n<p>00.01:40. Blindverkostung Wein 1. Heute haben wir <a href=\"https:\/\/de.wikipedia.org\/wiki\/Kerner_(Rebsorte)\">Kerner<\/a> im Glas.<\/p>\n<p>00.03:30. Unsere erste Ausstellung war <a href=\"https:\/\/www.lenbachhaus.de\/ausstellungen\/body-check\/\">BODY CHECK: Martin Kippenberger \u2013 Maria Lassnig <\/a>im Kunstbau des Lenbachhauses. Die Ausstellung ballert Werke von <a href=\"https:\/\/de.wikipedia.org\/wiki\/Maria_Lassnig\">Lassnig<\/a> (yay) und <a href=\"https:\/\/de.wikipedia.org\/wiki\/Martin_Kippenberger\">Kippenberger<\/a> (nicht ganz so yay) zusammen, und wir haben auch nach einer Diskussion von 45 Minuten nicht verstanden, wieso eigentlich. Mir haben grunds\u00e4tzlich alle Werke von Lassnig gefallen, weil ich es schlicht immer wieder und immer mehr genie\u00dfe, weibliche K\u00f6rper zu sehen, die nicht normsch\u00f6n sind und die nicht-normierte Dinge tun, und gerade die malte Lassnig absolut unnachahmlich und einzigartig. Ihre Zeichnungen waren mir noch nicht bekannt, und auch die haben mir sehr gut gefallen.<\/p>\n<p>Mit Kippenberger stehe ich auf Kriegsfu\u00df, wie ich mit so ziemlich allen m\u00e4nnlichen K\u00fcnstlern der 1980er Jahre auf Kriegsfu\u00df stehe, die meinten, mit bl\u00f6den Kalauern den Kunstbetrieb aufmischen zu k\u00f6nnen. Da schmunzele ich m\u00fcde dr\u00fcber und erinnere mich daran, dass viele weibliche K\u00fcnstler zu der Zeit noch nicht mal in ihrer Arbeit ernstgenommen wurden und echt was Besseres zu tun hatten als doofe Witze zu rei\u00dfen. Ja, der <a href=\"https:\/\/de.wikipedia.org\/wiki\/Zuerst_die_F%C3%BC%C3%9Fe\">Jesusfrosch<\/a> ist lustig, ja, das <a href=\"https:\/\/de.wikipedia.org\/wiki\/Ich_kann_beim_besten_Willen_kein_Hakenkreuz_entdecken\">Hakenkreuz<\/a> ist gro\u00dfartig, aber der Rest ist mir ziemlich egal bzw. geht mir auf den Zeiger. Davon konnte mich die Ausstellung immerhin abbringen, denn in ihr befanden sich zwar auch einige Werke, bei denen ich mit den Augen rollte, aber das meiste hat mich dann doch mit dem Herrn vers\u00f6hnen k\u00f6nnen.<\/p>\n<p>Die Ausstellung l\u00e4uft nur noch bis zum 15. September, also noch schnell rein da. Notfalls einfach nur die Lassnigs angucken, das geht ja immer.<\/p>\n<p>00.33:10. Blindverkostung Wein 2.<\/p>\n<p>00.47:50. Blindverkostung Wein 3.<\/p>\n<p>00.53:20. Die zweite Ausstellung: Von der Fotografin <a href=\"https:\/\/de.wikipedia.org\/wiki\/Aenne_Biermann\">Aenne Biermann<\/a> hatte ich vorher noch nie geh\u00f6rt, was ich nun sehr bedauere, denn die Schau <a href=\"https:\/\/www.pinakothek.de\/biermann\">Vertrautheit mit den Dingen<\/a> hat uns allen sehr gut gefallen. Ich mochte besonders die Stillleben, war ja klar, die mag ich ja immer, aber auch ihre Portr\u00e4ts, bei denen sie ihren Subjekten fast bis auf die Nasenspitze nahe kommt, waren sehr spannend. Wir erw\u00e4hnen eine Dame mit Monokel und in diesem Zusammenhang das Portr\u00e4t von <a href=\"http:\/\/www.fembio.org\/biographie.php\/frau\/biographie\/sylvia-von-harden\/\">Sylvia von Harden<\/a>, das Otto Dix 1926 malte. Die Ausstellung l\u00e4uft noch bis zum 13. Oktober. Schwabentipp: Am Sonntag kostet der Eintritt in die Pinakothek der Moderne nur einen lausigen Euro. Und ihr k\u00f6nnt gleich die n\u00e4chste Wand mitnehmen:<\/p>\n<p>01.20:00. Denn von <a href=\"https:\/\/de.wikipedia.org\/wiki\/Franz_Radziwill\">Franz Radziwill<\/a> h\u00e4ngen nur vier Werke plus ein <a href=\"https:\/\/de.wikipedia.org\/wiki\/Karl_Schmidt-Rottluff\">Schmidt-Rottluff<\/a>. In <a href=\"https:\/\/www.pinakothek.de\/ausstellungen\/franz-radziwill-zwei-seiten-eines-kuenstlers\">Zwei Seiten eines K\u00fcnstlers<\/a> zeigt die Pinakothek ein Gem\u00e4lde, das von beiden Seiten der Leinwand bemalt ist. Joah, war okay. Was f\u00fcr mich aber viel spannender war, waren zwei weitere Werke, die von 1937 und 1938 stammten und in denen sich Radziwill den nicht definierten Vorlieben der NS-Machthaber angepasst hatte, was Bildgestaltung anging. Also genau mein Thema, welcome to my TED talk. Nein, ich habe mich brav zur\u00fcckgehalten und kein 30-min\u00fctiges Impulsreferat gehalten, aber wer mein Blog aufmerksam gelesen hat in den letzten drei Jahren, der wird durch meinen Podcast-Beitrag nicht viel Neues erfahren. Ich erw\u00e4hne nat\u00fcrlich <a href=\"https:\/\/ankegroener.de\/blog\/?p=26177\">meinen Blogeintrag zum Saal 13<\/a>, in dem die Pinakothek als erstes Kunstmuseum in Deutschland bewusst NS-konforme Kunst zeigte. Der Saal ist heute leicht anders geh\u00e4ngt und meiner Meinung nach etwas schw\u00e4cher, aber hey, es h\u00e4ngen dort jetzt zwei Protzens und nicht mehr nur einer. Ich erw\u00e4hne auch ein Bild von Wilhelm Lachnit, der sein Werk <em>M\u00e4dchen mit Schmuck<\/em> im Nationalen Portr\u00e4twettbewerb 1936 einreichte. Nat\u00fcrlich auch hier: Anschauempfehlung, l\u00e4uft noch bis zum 31. Dezember. <\/p>\n<p>01.38:45. Wir l\u00f6sen die Weine auf; Wein 2 landete zweimal auf dem ersten Platz, die anderen beiden lagen nicht weit dahinter. Kann man alles prima wegtrinken.<\/p>\n<p>Wein 1 von Flo: <a href=\"https:\/\/www.gute-weine.de\/italien\/suedtirol\/manni-noessing\/#c101072\">Weingut Manni N\u00f6ssing<\/a>, S\u00fcdtirol Eisackertaler Kerner 2017, 13,5%, bei der <a href=\"https:\/\/www.bergwein-shop.com\/Suedtiroler-Weingueter\/Noessing\/2017-Kerner-0-75-L-Weingut-Manni-Noessing::1348.html\">Weinhandlung Bergwein in M\u00fcnchen<\/a> gekauft f\u00fcr 16,70 Euro.<\/p>\n<p>Wein 2 von mir: <a href=\"https:\/\/www.kl-weine.de\/\">Weingut Kerstin Laufer<\/a>, Unterhaider R\u00f6thla Kerner trocken, 2017, 12%, bei <a href=\"https:\/\/wirwinzer.de\/2016-kerner-trocken-kerstin-laufer-weine.html\">wirwinzer.de<\/a> bestellt f\u00fcr 12 Euro.<\/p>\n<p>Wein 3 von Felix: <a href=\"https:\/\/www.geigerundsoehne.com\/\">Weingut Geiger &#038; S\u00f6hne<\/a>, mundart Kerner Kabinett trocken, Th\u00fcngersheim Scharlachberg 2018, 13,5%, bei <a href=\"https:\/\/wirwinzer.de\/kerner-paket-weingut-geiger-soehne-aktion-18.html?___store=default&#038;refSrc=36253&#038;nosto=product-interested-in\">wirwinzer.de<\/a> bestellt f\u00fcr 6,70 Euro.<\/p>\n","protected":false},"excerpt":{"rendered":"<p>Drei Ausstellungen, drei Weine. Als ob wir es geplant h\u00e4tten! Podcast herunterladen (MP3-Direktlink, 84 MB, 105 min), abonnieren (RSS-Feed f\u00fcr den Podcatcher eurer Wahl), via iTunes anh\u00f6ren. 00.00:00. Begr\u00fc\u00dfung und Vorstellung. 00.01:40. Blindverkostung Wein 1. Heute haben wir Kerner im Glas. 00.03:30. Unsere erste Ausstellung war BODY CHECK: Martin Kippenberger \u2013 Maria Lassnig im Kunstbau [&hellip;]<\/p>\n","protected":false},"author":10,"featured_media":0,"comment_status":"closed","ping_status":"closed","sticky":false,"template":"","format":"standard","meta":{"footnotes":""},"categories":[1],"tags":[],"class_list":["post-32531","post","type-post","status-publish","format-standard","hentry","category-weblog"],"_links":{"self":[{"href":"https:\/\/ankegroener.de\/blog\/index.php?rest_route=\/wp\/v2\/posts\/32531","targetHints":{"allow":["GET"]}}],"collection":[{"href":"https:\/\/ankegroener.de\/blog\/index.php?rest_route=\/wp\/v2\/posts"}],"about":[{"href":"https:\/\/ankegroener.de\/blog\/index.php?rest_route=\/wp\/v2\/types\/post"}],"author":[{"embeddable":true,"href":"https:\/\/ankegroener.de\/blog\/index.php?rest_route=\/wp\/v2\/users\/10"}],"replies":[{"embeddable":true,"href":"https:\/\/ankegroener.de\/blog\/index.php?rest_route=%2Fwp%2Fv2%2Fcomments&post=32531"}],"version-history":[{"count":22,"href":"https:\/\/ankegroener.de\/blog\/index.php?rest_route=\/wp\/v2\/posts\/32531\/revisions"}],"predecessor-version":[{"id":32569,"href":"https:\/\/ankegroener.de\/blog\/index.php?rest_route=\/wp\/v2\/posts\/32531\/revisions\/32569"}],"wp:attachment":[{"href":"https:\/\/ankegroener.de\/blog\/index.php?rest_route=%2Fwp%2Fv2%2Fmedia&parent=32531"}],"wp:term":[{"taxonomy":"category","embeddable":true,"href":"https:\/\/ankegroener.de\/blog\/index.php?rest_route=%2Fwp%2Fv2%2Fcategories&post=32531"},{"taxonomy":"post_tag","embeddable":true,"href":"https:\/\/ankegroener.de\/blog\/index.php?rest_route=%2Fwp%2Fv2%2Ftags&post=32531"}],"curies":[{"name":"wp","href":"https:\/\/api.w.org\/{rel}","templated":true}]}}