{"id":33414,"date":"2019-12-21T08:29:45","date_gmt":"2019-12-21T07:29:45","guid":{"rendered":"http:\/\/ankegroener.de\/blog\/?p=33414"},"modified":"2019-12-21T08:29:45","modified_gmt":"2019-12-21T07:29:45","slug":"ein-hochherrschaftliches-dankeschon","status":"publish","type":"post","link":"https:\/\/ankegroener.de\/blog\/?p=33414","title":{"rendered":"Ein hochherrschaftliches Dankesch\u00f6n &#8230;"},"content":{"rendered":"<p>&#8230; an Jakob, der mich mit Stephan Malinowskis <em><a target=\"_blank\" href=\"https:\/\/www.amazon.de\/gp\/product\/359616365X\/ref=as_li_tl?ie=UTF8&#038;camp=1638&#038;creative=6742&#038;creativeASIN=359616365X&#038;linkCode=as2&#038;tag=httpwwwankegr-21&#038;linkId=dacffa559382973caf278529077f84a4\">Vom K\u00f6nig zum F\u00fchrer: Deutscher Adel und Nationalsozialismus<\/a><img loading=\"lazy\" decoding=\"async\" src=\"\/\/ir-de.amazon-adsystem.com\/e\/ir?t=httpwwwankegr-21&#038;l=am2&#038;o=3&#038;a=359616365X\" width=\"1\" height=\"1\" border=\"0\" alt=\"\" style=\"border:none !important; margin:0px !important;\" \/><\/em> \u00fcberraschte. Ich ahne, dass ich dieses Buch im Zuge der nervigen <a href=\"https:\/\/www.cicero.de\/kultur\/hohenzollern-forderung-cecilienhof-zweiter-weltkrieg\">Hohenzollern-Diskussion<\/a> auf meinen Wunschzettel gelegt hatte, und sofern man sich darauf freuen kann, mehr \u00fcber die Verstrickungen verschiedener Bev\u00f6lkerungsschichten in den Nationalsozialismus zu lesen, freue ich mich auf das Buch. <a href=\"https:\/\/www.perlentaucher.de\/buch\/stephan-malinowski\/vom-koenig-zum-fuehrer.html\">Hier<\/a> zwei Rezensionen beim Perlentaucher, <a href=\"https:\/\/www.hsozkult.de\/publicationreview\/id\/reb-4288\">hier<\/a> die l\u00e4ngere bei hsozkult und <a href=\"http:\/\/www.sehepunkte.de\/2004\/02\/5205.html\">hier<\/a> noch eine bei Sehepunkte. Alle sind gr\u00f6\u00dftenteils der Meinung, dass diese Dissertation eine wichtige Forschungsl\u00fccke schlie\u00dfen konnte. <\/p>\n<p>Bei mir hatte das Buch schon gewonnen, als ich beim neugierigen Reinschn\u00fcffeln (trotz weihnachtlicher Geschenkverpackung, sorry) gesehen habe, dass es Fu\u00dfnoten statt Endnoten hat. Der Originaltitel der ersten Auflage lautete \u00fcbrigens meiner Meinung nach etwas treffender, aber halt weniger zackig f\u00fcr den Markt \u201eVom K\u00f6nig zum F\u00fchrer. Sozialer Niedergang und politische Radikalisierung im deutschen Adel zwischen Kaiserreich und NS-Staat\u201c. Vielen Dank f\u00fcr das Geschenk und die Widmung, ich habe mich sehr gefreut.<\/p>\n","protected":false},"excerpt":{"rendered":"<p>&#8230; an Jakob, der mich mit Stephan Malinowskis Vom K\u00f6nig zum F\u00fchrer: Deutscher Adel und Nationalsozialismus \u00fcberraschte. Ich ahne, dass ich dieses Buch im Zuge der nervigen Hohenzollern-Diskussion auf meinen Wunschzettel gelegt hatte, und sofern man sich darauf freuen kann, mehr \u00fcber die Verstrickungen verschiedener Bev\u00f6lkerungsschichten in den Nationalsozialismus zu lesen, freue ich mich auf [&hellip;]<\/p>\n","protected":false},"author":10,"featured_media":0,"comment_status":"closed","ping_status":"closed","sticky":false,"template":"","format":"standard","meta":{"footnotes":""},"categories":[1],"tags":[],"class_list":["post-33414","post","type-post","status-publish","format-standard","hentry","category-weblog"],"_links":{"self":[{"href":"https:\/\/ankegroener.de\/blog\/index.php?rest_route=\/wp\/v2\/posts\/33414","targetHints":{"allow":["GET"]}}],"collection":[{"href":"https:\/\/ankegroener.de\/blog\/index.php?rest_route=\/wp\/v2\/posts"}],"about":[{"href":"https:\/\/ankegroener.de\/blog\/index.php?rest_route=\/wp\/v2\/types\/post"}],"author":[{"embeddable":true,"href":"https:\/\/ankegroener.de\/blog\/index.php?rest_route=\/wp\/v2\/users\/10"}],"replies":[{"embeddable":true,"href":"https:\/\/ankegroener.de\/blog\/index.php?rest_route=%2Fwp%2Fv2%2Fcomments&post=33414"}],"version-history":[{"count":4,"href":"https:\/\/ankegroener.de\/blog\/index.php?rest_route=\/wp\/v2\/posts\/33414\/revisions"}],"predecessor-version":[{"id":33418,"href":"https:\/\/ankegroener.de\/blog\/index.php?rest_route=\/wp\/v2\/posts\/33414\/revisions\/33418"}],"wp:attachment":[{"href":"https:\/\/ankegroener.de\/blog\/index.php?rest_route=%2Fwp%2Fv2%2Fmedia&parent=33414"}],"wp:term":[{"taxonomy":"category","embeddable":true,"href":"https:\/\/ankegroener.de\/blog\/index.php?rest_route=%2Fwp%2Fv2%2Fcategories&post=33414"},{"taxonomy":"post_tag","embeddable":true,"href":"https:\/\/ankegroener.de\/blog\/index.php?rest_route=%2Fwp%2Fv2%2Ftags&post=33414"}],"curies":[{"name":"wp","href":"https:\/\/api.w.org\/{rel}","templated":true}]}}