{"id":34614,"date":"2020-06-19T07:10:01","date_gmt":"2020-06-19T06:10:01","guid":{"rendered":"http:\/\/ankegroener.de\/blog\/?p=34614"},"modified":"2020-06-19T07:10:01","modified_gmt":"2020-06-19T06:10:01","slug":"tagebuch-donnerstag-18-juni-2020-weil-ichs-kann","status":"publish","type":"post","link":"https:\/\/ankegroener.de\/blog\/?p=34614","title":{"rendered":"Tagebuch Donnerstag, 18. Juni 2020 \u2013 Weil ich&#8217;s kann"},"content":{"rendered":"<p>Von 8 Uhr morgens bis 19.30 Uhr abends am Schreibtisch gesessen, nichts gekocht au\u00dfer zwei Kannen Tee, durchgetippt und korrigiert. Die Feedback-Mail meines Doktorvaters hatte mir einen kleinen Curveball geschmissen, denn eine seiner Anmerkungen war sinngem\u00e4\u00df: Sie haben da \u201eakribisch\u201c (Zitat) Archiv- und Quellenarbeit betrieben \u2013 wieso sollte man das f\u00fcr diesen Maler tun? Was ist der Grund f\u00fcr die Besch\u00e4ftigung mit ihm? Und ehrlich gesagt fiel mir tagelang dazu nichts ein au\u00dfer: weil ich&#8217;s kann. Ich kann mich nach fast drei Jahren nicht mehr wirklich daran erinnern, warum genau mich dieses eine Werk von diesem einen Maler, \u00fcber den es keine Forschung gibt, so interessiert hat au\u00dfer: \u00dcber den gibt&#8217;s keine Forschung. <\/p>\n<p>Also wurde aus \u201e[Dokumentname] final\u201c doch noch \u201e[Dokumentname] final 2\u201c, verdammte Axt, weil ich beim Schreiben ein paar Gedanken einflie\u00dfen lie\u00df. Um halb acht brauchte ich aber dringend Balkonsalat und K\u00e4sebrot, und w\u00e4hrend ich das bei zwei Folgen \u201eDead to me\u201c verspeiste, fielen mir noch weitere Dinge ein, und ich ging um 20.30 Uhr wieder an den Rechner. Dann war ich halbwegs zufrieden, aber seit gestern nagt an mir das Gef\u00fchl, den 300 Seiten starken Mittelteil durch ein halbgares Fazit-Kapitel zu ruinieren.<\/p>\n<p>Ich lasse das mal \u00fcbers Wochenende liegen.<\/p>\n","protected":false},"excerpt":{"rendered":"<p>Von 8 Uhr morgens bis 19.30 Uhr abends am Schreibtisch gesessen, nichts gekocht au\u00dfer zwei Kannen Tee, durchgetippt und korrigiert. Die Feedback-Mail meines Doktorvaters hatte mir einen kleinen Curveball geschmissen, denn eine seiner Anmerkungen war sinngem\u00e4\u00df: Sie haben da \u201eakribisch\u201c (Zitat) Archiv- und Quellenarbeit betrieben \u2013 wieso sollte man das f\u00fcr diesen Maler tun? Was [&hellip;]<\/p>\n","protected":false},"author":10,"featured_media":0,"comment_status":"closed","ping_status":"closed","sticky":false,"template":"","format":"standard","meta":{"footnotes":""},"categories":[1],"tags":[],"class_list":["post-34614","post","type-post","status-publish","format-standard","hentry","category-weblog"],"_links":{"self":[{"href":"https:\/\/ankegroener.de\/blog\/index.php?rest_route=\/wp\/v2\/posts\/34614","targetHints":{"allow":["GET"]}}],"collection":[{"href":"https:\/\/ankegroener.de\/blog\/index.php?rest_route=\/wp\/v2\/posts"}],"about":[{"href":"https:\/\/ankegroener.de\/blog\/index.php?rest_route=\/wp\/v2\/types\/post"}],"author":[{"embeddable":true,"href":"https:\/\/ankegroener.de\/blog\/index.php?rest_route=\/wp\/v2\/users\/10"}],"replies":[{"embeddable":true,"href":"https:\/\/ankegroener.de\/blog\/index.php?rest_route=%2Fwp%2Fv2%2Fcomments&post=34614"}],"version-history":[{"count":1,"href":"https:\/\/ankegroener.de\/blog\/index.php?rest_route=\/wp\/v2\/posts\/34614\/revisions"}],"predecessor-version":[{"id":34615,"href":"https:\/\/ankegroener.de\/blog\/index.php?rest_route=\/wp\/v2\/posts\/34614\/revisions\/34615"}],"wp:attachment":[{"href":"https:\/\/ankegroener.de\/blog\/index.php?rest_route=%2Fwp%2Fv2%2Fmedia&parent=34614"}],"wp:term":[{"taxonomy":"category","embeddable":true,"href":"https:\/\/ankegroener.de\/blog\/index.php?rest_route=%2Fwp%2Fv2%2Fcategories&post=34614"},{"taxonomy":"post_tag","embeddable":true,"href":"https:\/\/ankegroener.de\/blog\/index.php?rest_route=%2Fwp%2Fv2%2Ftags&post=34614"}],"curies":[{"name":"wp","href":"https:\/\/api.w.org\/{rel}","templated":true}]}}