{"id":34831,"date":"2020-07-23T08:34:52","date_gmt":"2020-07-23T07:34:52","guid":{"rendered":"http:\/\/ankegroener.de\/blog\/?p=34831"},"modified":"2020-07-23T08:34:52","modified_gmt":"2020-07-23T07:34:52","slug":"was-schon-war-montag-bis-mittwoch-20-bis-22-juli-2020-zeug-und-kunst-und-ruhe","status":"publish","type":"post","link":"https:\/\/ankegroener.de\/blog\/?p=34831","title":{"rendered":"Was sch\u00f6n war, Montag bis Mittwoch, 20. bis 22. Juli 2020 \u2013\u00a0Zeug und Kunst und Ruhe"},"content":{"rendered":"<p>So richtig entspannen konnte ich mich nach Abgabe der Diss nicht, weil mir die Woche alte Heimat noch bevorstand. So sch\u00f6n das zu wissen ist, dass man dem M\u00fctterchen helfen kann, so anstrengend ist es auch f\u00fcr mich, eine Woche lang nicht alleine zu sein, Angst vor der Zugfahrt zu haben und sich sechs Tage mit f\u00fcr mich nicht passenden M\u00f6beln, Badezimmerausstattungen, Essensgewohnheiten und Kochutensilien zu arrangieren. (UND KEIN INTERNET!) Auch die direkten Tage danach waren nur so mittelentspannend, denn wir mussten unseren Podcast noch fix aufnehmen, bevor einer unser drei Mitstreiter seinen Hauptwohnsitz von M\u00fcnchen wegverlegt. Ich kam also Samstag nachmittag wieder nach Hause, hatte immerhin einen sch\u00f6nen und entspannenden Abend mit F., musste dann aber Sonntag Kunst gucken, schlimm, ich wei\u00df, dann dar\u00fcber nachdenken, auch total schlimm, Montag r\u00e4umte ich dann die Wohnung auf und kochte f\u00fcr drei, wir nahmen den Podcast auf und tranken brav alles aus, was rumstand, was dazu f\u00fchrte, dass ich Dienstag wie eine halbtote Fliege auf dem Sofa vergammelte. <\/p>\n<p>Gestern g\u00f6nnte ich mir einen Sch\u00f6ne-Dinge-Morgen, an dem ich zun\u00e4chst im Caf\u00e9 nebenan neue Kaffeebohnen erstand, dann radelte ich in die Stabi und holte mir ein Buch, das ich nur zum Vergn\u00fcgen lese, unglaublich, und anschlie\u00dfend kaufte ich beim <a href=\"https:\/\/muenchen.mitvergnuegen.com\/2019\/julius-brantner-brothandwerk\/\">Brantner<\/a> ein Landbrot, das wie herzhaftes Brioche schmeckt und das sie nur Mittwochs backen. Mit der Sauerrahmbutter vom <a href=\"https:\/\/www.jamei-laibspeis.de\/\">Jamei<\/a> war das ein Festessen.<\/p>\n<p>&#8212;<\/p>\n<p>Meine Tomaten haben ein bisschen Sonnenbrand, vielleicht hole ich sie doch wieder rein, herrgott, diese selbstgeschaffenen Stressfaktoren f\u00fcr f\u00fcnf Tom\u00e4tchen, die ich auch einfach nebenan bei Edeka kaufen k\u00f6nnte. Nein, nat\u00fcrlich nicht, schon klar, warum das toll ist, sich selbst um Gem\u00fcse zu k\u00fcmmern. Aber ich merke an meinen Pflanzen, was f\u00fcr eine f\u00fcrchterliche Helikoptermutter ich geworden w\u00e4re.<\/p>\n<p>&#8212;<\/p>\n<p>Am sp\u00e4ten Nachmittag gab&#8217;s die Reste der f\u00fcr Montag geschnitzten <a href=\"https:\/\/ankegroener.de\/blog\/?p=34511\">Dan-Dan-Nudeln<\/a>, nun mit Hack, das ich bis dahin f\u00fcr den Vegetarier am Tisch weggelassen hatte. Ich hatte auch die eigentlich geforderte H\u00fchnerbr\u00fche durch Gem\u00fcsebr\u00fche ersetzt, was ich nicht rausschmecken konnte, vermutlich weil die Hoisin- und Sojasaucen eh alles zukleistern, herrliches Zeug. Gestern erwischte ich die perfekte Harmonie an Nudeln, Gem\u00fcse, Sesamsauce und Koriander, was mich sehr freute.<\/p>\n<p><img loading=\"lazy\" decoding=\"async\" src=\"http:\/\/ankegroener.de\/blog\/..\/Bilder\/Bildschirmfoto-2020-07-23-um-09.29.11.png\" alt=\"\" width=\"500\" height=\"498\" class=\"alignnone size-full wp-image-34833\" srcset=\"https:\/\/ankegroener.de\/blog\/..\/Bilder\/Bildschirmfoto-2020-07-23-um-09.29.11.png 500w, https:\/\/ankegroener.de\/blog\/..\/Bilder\/Bildschirmfoto-2020-07-23-um-09.29.11-150x150.png 150w\" sizes=\"auto, (max-width: 500px) 100vw, 500px\" \/><\/p>\n<p>Ansonsten war gestern noch ein halbwegs letztes Mal \u201eZeug erledigen\u201c-Tag, das nicht ins Blog geh\u00f6rt, mich aber etwas anspannte. Danach g\u00f6nnte ich mir erneut \u201eHamilton\u201c bei Disney und las die Biografie weiter. Inzwischen irritiert mich diese Doppelschiene ein bisschen; das Musical h\u00e4lt sich sehr an die historischen Fakten, aber vereinfacht bzw. rafft sie etwas oder macht sie b\u00fchnentauglicher. Au\u00dferdem ist die Biografie nat\u00fcrlich deutlich ausf\u00fchrlicher, weswegen ich jetzt beim Buch immer denke, woah, passiert hier viel, und beim Musical, hey, nicht so schnell, da bin ich doch im Buch noch gar nicht. Selber schuld.<\/p>\n<p>&#8212;<\/p>\n<p>Wir erw\u00e4hnen es im Podcast: Das war sehr sch\u00f6n, mal wieder in einem Museum zu sein, auch wenn es eher Arbeit als Vergn\u00fcgen ist, sich f\u00fcr unsere Aufnahme eine Ausstellung anzuschauen. Aber ich merkte es am Sonntagabend, als F. vorbeikam und ich sofort mit ihm \u00fcber ein paar Exponate sprechen wollte, was wir uns aber verkniffen. Es war endlich mal wieder ein anderes Gespr\u00e4chsthema nach Monaten Home Office, Diss-Endspurt und Coronaschei\u00df, nach Nicht-wegfahren, Nicht-Fu\u00dfballgucken, Nicht-auf-Konzerte-gehen, endlich mal wieder ein neuer Impuls, neues Futter f\u00fcr Augen und Kopf. <\/p>\n<p>&#8212;<\/p>\n<p>Auch sch\u00f6n: Das Lenbachhaus <a href=\"https:\/\/twitter.com\/Lenbachhaus\/status\/1285951345925775360\">reagierte<\/a> auf unseren Podcast. Sowas freut uns nat\u00fcrlich immer sehr, wenn die Institutionen, die wir besuchen, gucken, wie Reaktionen auf ihre Arbeit ausf\u00e4llt. Ich meine, das der Podcast nicht so ganz zu unseren besten geh\u00f6rt, weil wir ein bisschen aus der \u00dcbung waren, aber mei, ich nenne 2020 inzwischen eh das Jahr, in dem alle nur irgendwie rumwurschteln.<\/p>\n<p>&#8212;<\/p>\n<p>Herr Levit ist bei der 32. Klaviersonate von Beethoven im Podcast angekommen, <a href=\"https:\/\/www.ardaudiothek.de\/igor-levits-klavierpodcast-32-x-beethoven\/70468432\">jetzt sind alle Folgen online<\/a>. Da habe ich auf der n\u00e4chsten Zugfahrt ja noch sch\u00f6n was zu h\u00f6ren.<\/p>\n<p>&#8212;<\/p>\n<p>Und jetzt liege ich bis Ende dieser Woche nur noch rum, so. <\/p>\n","protected":false},"excerpt":{"rendered":"<p>So richtig entspannen konnte ich mich nach Abgabe der Diss nicht, weil mir die Woche alte Heimat noch bevorstand. So sch\u00f6n das zu wissen ist, dass man dem M\u00fctterchen helfen kann, so anstrengend ist es auch f\u00fcr mich, eine Woche lang nicht alleine zu sein, Angst vor der Zugfahrt zu haben und sich sechs Tage [&hellip;]<\/p>\n","protected":false},"author":10,"featured_media":0,"comment_status":"closed","ping_status":"closed","sticky":false,"template":"","format":"standard","meta":{"footnotes":""},"categories":[1],"tags":[],"class_list":["post-34831","post","type-post","status-publish","format-standard","hentry","category-weblog"],"_links":{"self":[{"href":"https:\/\/ankegroener.de\/blog\/index.php?rest_route=\/wp\/v2\/posts\/34831","targetHints":{"allow":["GET"]}}],"collection":[{"href":"https:\/\/ankegroener.de\/blog\/index.php?rest_route=\/wp\/v2\/posts"}],"about":[{"href":"https:\/\/ankegroener.de\/blog\/index.php?rest_route=\/wp\/v2\/types\/post"}],"author":[{"embeddable":true,"href":"https:\/\/ankegroener.de\/blog\/index.php?rest_route=\/wp\/v2\/users\/10"}],"replies":[{"embeddable":true,"href":"https:\/\/ankegroener.de\/blog\/index.php?rest_route=%2Fwp%2Fv2%2Fcomments&post=34831"}],"version-history":[{"count":2,"href":"https:\/\/ankegroener.de\/blog\/index.php?rest_route=\/wp\/v2\/posts\/34831\/revisions"}],"predecessor-version":[{"id":34834,"href":"https:\/\/ankegroener.de\/blog\/index.php?rest_route=\/wp\/v2\/posts\/34831\/revisions\/34834"}],"wp:attachment":[{"href":"https:\/\/ankegroener.de\/blog\/index.php?rest_route=%2Fwp%2Fv2%2Fmedia&parent=34831"}],"wp:term":[{"taxonomy":"category","embeddable":true,"href":"https:\/\/ankegroener.de\/blog\/index.php?rest_route=%2Fwp%2Fv2%2Fcategories&post=34831"},{"taxonomy":"post_tag","embeddable":true,"href":"https:\/\/ankegroener.de\/blog\/index.php?rest_route=%2Fwp%2Fv2%2Ftags&post=34831"}],"curies":[{"name":"wp","href":"https:\/\/api.w.org\/{rel}","templated":true}]}}