{"id":34843,"date":"2020-07-25T10:37:33","date_gmt":"2020-07-25T09:37:33","guid":{"rendered":"http:\/\/ankegroener.de\/blog\/?p=34843"},"modified":"2020-07-25T10:40:52","modified_gmt":"2020-07-25T09:40:52","slug":"was-schon-war-freitag-24-juli-2020-mein-erstes-kleidungsstuck","status":"publish","type":"post","link":"https:\/\/ankegroener.de\/blog\/?p=34843","title":{"rendered":"Was sch\u00f6n war, Freitag, 24. Juli 2020 \u2013\u00a0Mein erstes Kleidungsst\u00fcck"},"content":{"rendered":"<p>Als ich vor 35 Jahren im Handarbeitsunterricht erstmals an einer N\u00e4hmaschine sa\u00df, musste mir meine Mutter mit geraden N\u00e4hten helfen, um aus vier Quadraten eine Kissenvorderseite zu n\u00e4hen, die nicht so aussehen sollte, als h\u00e4tte ich sie im Dunkeln zusammengetackert. Am Rei\u00dfverschluss versuchte ich mich erst gar nicht und beschloss, dass N\u00e4hen wohl nicht so meins ist.<\/p>\n<p>Diese Einstellung hielt bis ungef\u00e4hr April 2020, als wir uns alle mit der Idee anfreunden mussten, demn\u00e4chst mit Mund-Nase-Schutzen herumlaufen zu m\u00fcssen, um in einen Supermarkt zu d\u00fcrfen. Ich holte Omas N\u00e4hkiste aus dem Regal, fand Nadel, Faden und Gummib\u00e4nder, zerschnitt eine Stoffserviette und n\u00e4hte meine erste Maske. Das war eher Verzweiflung und Langeweile als der Anfang einer begeisterten N\u00e4hkarriere, aber, keine Ahnung warum, mein Interesse an Handarbeiten war geweckt. Ich bestellte sch\u00f6nen Stoff und passendes Garn, n\u00e4hte weiter Masken und wartete, bis im Juni eine erschwingliche N\u00e4hmaschine wieder verf\u00fcgbar war, die vermutlich in der Zeit der Ausgangsbeschr\u00e4nkungen alle bestellt hatten (die hatte im November 2019 auch eine gute Bewertung von Stiftung Warentest bekommen). Die ersten N\u00e4hversuche waren spannend, auch wenn ich merkte, dass es mir immer noch nicht leicht f\u00e4llt, einfach eine gerade Naht zu n\u00e4hen, aber dieses Mal war der Ehrgeiz geweckt, es selbst nochmal zu machen anstatt es dem M\u00fctterlein hinzulegen und lieber ein Buch zu lesen.<\/p>\n<p>Auf der Zugfahrt in den Norden vor Kurzem trug ich eine maschinengen\u00e4hte Maske mit schicken B\u00e4ndern statt Gummiband und halbwegs geraden N\u00e4hten (HA!), vorgestern hatte ich mir ein Schnittmuster aus dem Internet geladen, um das ich schon l\u00e4nger rumgeschlichen war, vor einigen Wochen hatte ich mir g\u00fcnstige Stoffe, weil Restposten und vorgeschnitten, beim Karstadt gekauft, und so sa\u00df ich gestern vor meinem ersten ausgedruckten Schnittmusterbogen, von dem ich meine normale Kleidergr\u00f6\u00dfe bereits auf Pergamentpapier \u00fcbertragen hatte, und war sehr aufgeregt.<\/p>\n<p>Ich las lieber nochmal in meinen beiden vorhandenen Fachb\u00fcchern nach (<em><a target=\"_blank\" href=\"https:\/\/www.amazon.de\/gp\/product\/3772481213\/ref=as_li_tl?ie=UTF8&#038;camp=1638&#038;creative=6742&#038;creativeASIN=3772481213&#038;linkCode=as2&#038;tag=httpwwwankegr-21&#038;linkId=d7c98ed6ae35c7e8049c4d2d9801151f\">N\u00e4hen<\/a><img loading=\"lazy\" decoding=\"async\" src=\"\/\/ir-de.amazon-adsystem.com\/e\/ir?t=httpwwwankegr-21&#038;l=am2&#038;o=3&#038;a=3772481213\" width=\"1\" height=\"1\" border=\"0\" alt=\"\" style=\"border:none !important; margin:0px !important;\" \/><\/em> \u2013 vielleicht doch eher was f\u00fcr Menschen, die schon ein bisschen wissen, was sie tun; <em><a target=\"_blank\" href=\"https:\/\/www.amazon.de\/gp\/product\/386355857X\/ref=as_li_tl?ie=UTF8&#038;camp=1638&#038;creative=6742&#038;creativeASIN=386355857X&#038;linkCode=as2&#038;tag=httpwwwankegr-21&#038;linkId=fbc1c8f56679dcdb3b094634aca0551d\">Passt perfekt<\/a><img loading=\"lazy\" decoding=\"async\" src=\"\/\/ir-de.amazon-adsystem.com\/e\/ir?t=httpwwwankegr-21&#038;l=am2&#038;o=3&#038;a=386355857X\" width=\"1\" height=\"1\" border=\"0\" alt=\"\" style=\"border:none !important; margin:0px !important;\" \/><\/em> \u2013 sehr motivierend geschrieben, ich arbeite mich gerade anst\u00e4ndig durch anstatt es weiter zu \u00fcberfliegen), ob ich irgendwas vergessen hatte, und das hatte ich nat\u00fcrlich, n\u00e4mlich die irre wichtige <a href=\"https:\/\/de.wikipedia.org\/wiki\/Nahtzugabe\">Nahtzugabe<\/a>. Beschwingt fuhr ich mit meiner bunten Schneiderkreide auf dem doppelt ausgelegten Stoff relativ Freihand um das ausgeschnittene St\u00fcck Papier und wunderte mich dann, als ich beide Teile aufeinanderlegte, dass sie nicht perfekt aufeinander passten. Bis mir einfiel, dass mein K\u00f6rper nicht der eines achtj\u00e4hrigen Jungen ist und daher das Vorderteil etwas mehr Volumen hat als das R\u00fcckenteil. Wieder was gelernt. Alle Menschen, die routinem\u00e4\u00dfig an Kleidung sitzen, d\u00fcrfen sich wieder beruhigen vor Lachen.<\/p>\n<p>Ich erspare euch die weiteren, \u00e4u\u00dferst naiven Handwerksschritte, die ich alle zum ersten Mal ausf\u00fchrte, was ich aber genau deshalb sehr spannend fand. Das war eine kleine Entdeckungsreise zu einem allt\u00e4glichen Gegenstand: Wieso kommt hier ein Saum hin, passt das wirklich, wenn ich es anziehe, wieso sieht das hingelegt unpassend aus, aber sobald ich es zusammenn\u00e4he, stimmen die \u00dcberg\u00e4nge wieder \u2013 und nebenbei: Das n\u00e4chste Mal achten wir etwas besser auf die Linien auf dem Schnittmuster, damit das Vorderteil nicht zehn Zentimeter l\u00e4nger ist als das R\u00fcckenteil. Das System der Brustabn\u00e4her ignorierte ich vorerst, ich wollte einfach erst einmal verstehen, was ich da eigentlich tue und wie ein so simples Kleidungsst\u00fcck wie ein Top, das nur aus zwei Teilen besteht, funktioniert und konstruiert ist, damit ich bei meiner mehrfarbigen Bluse mit Rosshaarkragen und 17 Knopfvarianten, Taschen und einem langen R\u00fccken wei\u00df, was ich zu tun habe. (Haha.)<\/p>\n<p>Und so konnte ich nach zwei Stunden (ja, das dauert bei mir noch lange) ein Top \u00fcberziehen, das interessanterweise genau an den Stellen nicht gut sa\u00df, wo auch Kleidung nicht gut sitzt, die ich von der Stange kaufe. Aber jetzt wei\u00df ich, wo ich ansetzen kann, um endlich keine Blusen mehr tragen zu m\u00fcssen, die am Oberarm zu eng und gleichzeitig \u00fcber der Brust zu weit sind. Hoffe ich jedenfalls. Und nat\u00fcrlich ist das totale Absicht, dass die Naht au\u00dfen am Arm etwas weiter weg von der Kante sitzt als die am Hals, ist klar.<\/p>\n<p><img loading=\"lazy\" decoding=\"async\" src=\"http:\/\/ankegroener.de\/blog\/..\/Bilder\/IMG_7082.jpg\" alt=\"\" width=\"500\" height=\"559\" class=\"alignnone size-full wp-image-34845\" \/><\/p>\n<p>Nebenbei kann man Physiker mit einem Ma\u00dfband in den Wahnsinn treiben, wenn sie dich vermessen sollen: \u201eF\u00fcr jeden Schei\u00df gibt es pr\u00e4zise Instrumente und hier brummelgrummelmuff.\u201c So niedlich! Auch nebenbei, wobei das nicht ganz so nebenbei ist f\u00fcr jemanden wie mich, die Jahrzehnte mit ihrem K\u00f6rper auf Kriegsfu\u00df gestanden hat: Die hohen Zahlen zu h\u00f6ren, die halt kommen, wenn man meinen Bauch, meine Taille oder meinen Oberschenkelumfang misst, konnte ich ziemlich unger\u00fchrt in meine Tabelle eintragen, ohne in eine Sinnkrise zu kommen (ein Grund, warum ich mich lange eben <em>nicht<\/em> an eine N\u00e4hmaschine setzen wollte). Seit ich keine Waage mehr habe, gibt es keine Zahl mehr, die mich terrorisieren k\u00f6nnte oder \u00fcber die ich meinen Selbstwert definiere. Und so waren auch diese Zahlen keine Angabe dar\u00fcber, ob ich ein guter Mensch bin oder ein undisziplinierter Haufen Fett: Sie waren einfach nur Zahlen, die meine K\u00f6rperumf\u00e4nge wiedergeben. (\u201eABER SO UNPR\u00c4ZISE BRUMMELGRUMMELMUFF!\u201c)<\/p>\n","protected":false},"excerpt":{"rendered":"<p>Als ich vor 35 Jahren im Handarbeitsunterricht erstmals an einer N\u00e4hmaschine sa\u00df, musste mir meine Mutter mit geraden N\u00e4hten helfen, um aus vier Quadraten eine Kissenvorderseite zu n\u00e4hen, die nicht so aussehen sollte, als h\u00e4tte ich sie im Dunkeln zusammengetackert. Am Rei\u00dfverschluss versuchte ich mich erst gar nicht und beschloss, dass N\u00e4hen wohl nicht so [&hellip;]<\/p>\n","protected":false},"author":10,"featured_media":0,"comment_status":"closed","ping_status":"closed","sticky":false,"template":"","format":"standard","meta":{"footnotes":""},"categories":[1],"tags":[],"class_list":["post-34843","post","type-post","status-publish","format-standard","hentry","category-weblog"],"_links":{"self":[{"href":"https:\/\/ankegroener.de\/blog\/index.php?rest_route=\/wp\/v2\/posts\/34843","targetHints":{"allow":["GET"]}}],"collection":[{"href":"https:\/\/ankegroener.de\/blog\/index.php?rest_route=\/wp\/v2\/posts"}],"about":[{"href":"https:\/\/ankegroener.de\/blog\/index.php?rest_route=\/wp\/v2\/types\/post"}],"author":[{"embeddable":true,"href":"https:\/\/ankegroener.de\/blog\/index.php?rest_route=\/wp\/v2\/users\/10"}],"replies":[{"embeddable":true,"href":"https:\/\/ankegroener.de\/blog\/index.php?rest_route=%2Fwp%2Fv2%2Fcomments&post=34843"}],"version-history":[{"count":4,"href":"https:\/\/ankegroener.de\/blog\/index.php?rest_route=\/wp\/v2\/posts\/34843\/revisions"}],"predecessor-version":[{"id":34848,"href":"https:\/\/ankegroener.de\/blog\/index.php?rest_route=\/wp\/v2\/posts\/34843\/revisions\/34848"}],"wp:attachment":[{"href":"https:\/\/ankegroener.de\/blog\/index.php?rest_route=%2Fwp%2Fv2%2Fmedia&parent=34843"}],"wp:term":[{"taxonomy":"category","embeddable":true,"href":"https:\/\/ankegroener.de\/blog\/index.php?rest_route=%2Fwp%2Fv2%2Fcategories&post=34843"},{"taxonomy":"post_tag","embeddable":true,"href":"https:\/\/ankegroener.de\/blog\/index.php?rest_route=%2Fwp%2Fv2%2Ftags&post=34843"}],"curies":[{"name":"wp","href":"https:\/\/api.w.org\/{rel}","templated":true}]}}