{"id":35107,"date":"2020-09-11T08:07:59","date_gmt":"2020-09-11T07:07:59","guid":{"rendered":"http:\/\/ankegroener.de\/blog\/?p=35107"},"modified":"2020-09-11T08:07:59","modified_gmt":"2020-09-11T07:07:59","slug":"tagebuch-mittwoch-donnerstag-9-10-september-2020-schwitzen-und-rumpiepsen","status":"publish","type":"post","link":"https:\/\/ankegroener.de\/blog\/?p=35107","title":{"rendered":"Tagebuch Mittwoch\/Donnerstag, 9.\/10. September 2020 \u2013 Schwitzen und rumpiepsen"},"content":{"rendered":"<p>Einen Doodle-Link an meine dreik\u00f6pfige Pr\u00fcfungskommission geschickt, um einen Termin f\u00fcr die Verteidigung der Diss im November auszukl\u00fcngeln. Das ging gut und schnell, den Termin melde ich heute dem Pr\u00fcfungsamt. Mein Doktorvater und die Zweitpr\u00fcferin haben bis zum 21. September Zeit, ihre Gutachten dort einzureichen, und dann m\u00fcsste ich sie in nicht allzulanger Zeit einsehen k\u00f6nnen. Endlich Feedback. Je l\u00e4nger das Ding weg ist, desto nerv\u00f6ser werde ich nat\u00fcrlich, dass ich 400 Seiten Quatsch eingereicht habe. War ja klar.<\/p>\n<p>&#8212;<\/p>\n<p>Entscheidungen bez\u00fcglich Zukunft getroffen, mit denen ich jetzt seit der Abgabe schwanger gegangen war. Jetzt m\u00fcssen nur noch andere mitspielen, das kann ich nicht mehr ganz alleine machen wie mein geliebtes Studium. Meh.<\/p>\n<p>&#8212;<\/p>\n<p>Weiter mein lustiges <a href=\"https:\/\/dailyburn.com\/landing\">Online-Sportprogramm<\/a> mitgemacht und mich gefreut, dass vieles geht, von dem ich nicht dachte, es ich es k\u00f6nnte. Und nach den ersten vier, f\u00fcnf Tagen, an denen ich jeden Abend dachte, ich sterbe an Muskelkater, tut jetzt quasi nichts mehr weh. Das ging schnell. <\/p>\n<p>Ich vermisse weiterhin dickere Menschen, denen ich beim Turnen zugucken kann und die nicht nur in der \u201eTrue Beginner\u201c-Sektion vorkommen, aber dass in bis jetzt jeder \u00dcbungseinheit, auch bei den ganz Fitten, irgendwann der Hinweis kam, hey, wenn du Hilfe brauchst, halt dich am Stuhl fest, geh nicht ganz in die Hocke, mach nur was dir gut tut, du kennst deinen K\u00f6rper besser als jede andere, finde ich einen guten Anfang. Was total nervt, sind S\u00e4tze wie \u201eImagine yourself in skinny jeans\u201c, aber irgendwas ist ja immer.<\/p>\n<p>Nebenbei danke f\u00fcr die <a href=\"https:\/\/ankegroener.de\/unterstutzen-sie-meine-arbeit\/\">Patreon-Abos und das PayPal-Trinkgeld<\/a> \u2013 damit ist mein Sportprogramm quasi finanziert. Ihr tut also meiner Gesundheit gut, yay!<\/p>\n<p>&#8212;<\/p>\n<p>In acht Jahren war ich immer nett zu meinen Bibliotheken und sie zu mir, aber jetzt habe ich es doch auf der Schlussgerade geschafft, mir einen R\u00fcffel abzuholen.<\/p>\n<p><img loading=\"lazy\" decoding=\"async\" src=\"http:\/\/ankegroener.de\/blog\/..\/Bilder\/IMG_4093.jpg\" alt=\"\" width=\"500\" height=\"595\" class=\"alignnone size-full wp-image-30646\" \/><\/p>\n<p>Sie erinnern sich an das gerahmte Foto meiner Oma von 1935, das inzwischen an meiner K\u00fcchenwand h\u00e4ngt? Weil es gerahmt ist, habe ich nie auf die R\u00fcckseite schauen k\u00f6nnen, um weitere Infos zu finden (der handgeschriebene Name auf der Vorderseite ist unleserlich). Beim letzten Aufenthalt im Norden stolperte ich aber \u00fcber eine kleinere Ausgabe des Fotos, auf dem hinten ein Name stand. Gegoogelt bzw. in akademische Suchmaschinen geworfen \u2013 und als einzigen Treffer die Dissertation der betreffenden Dame gefunden, die ausgerechnet hier in M\u00fcnchen 1940 promovierte (war ja klar): zum Thema Fotos als Propagandamittel der <a href=\"https:\/\/de.wikipedia.org\/wiki\/Deutsche_Arbeitsfront\">Deutschen Arbeitsfront<\/a>. Netterweise steht die Diss in der Unibibliothek, wo ich sie ausleihen wollte, aber feststellen musste, dass die Schaltfl\u00e4che \u201ebestellen\u201c bei der Buchanzeige fehlte. Hin und her gesucht, schlie\u00dflich das Recherche-Kontaktformular genutzt, um das Ding zu ordern, was nat\u00fcrlich Quatsch war, wie ich im Nachhinein auch merkte. Denn damit schreibt mir die Bib nur zur\u00fcck, dass das Buch im Bestand vorhanden ist. Auf eben diese Mail antwortete ich, dass mir klar ist, dass das Buch vorhanden sei, ich es aber nicht bestellen k\u00f6nne, Screenshot anbei. Woraufhin eine h\u00f6flich formulierte Mail zur\u00fcckkam, dass ich diesen Sachverhalt gerne schon in der ersten Mail h\u00e4tte mitteilen k\u00f6nnen, womit die Schreiberin nat\u00fcrlich v\u00f6llig recht h\u00e4tte. Ein piepsiges \u201eDankesch\u00f6n f\u00fcr die schnelle Bearbeitung\u201c an die Entschuldigung geh\u00e4ngt, und jetzt kann ich es angeblich, laut Anzeige, sogar n\u00e4chste Woche zuhause lesen anstatt im ungeliebten Uni-Bib-Lesesaal.<\/p>\n","protected":false},"excerpt":{"rendered":"<p>Einen Doodle-Link an meine dreik\u00f6pfige Pr\u00fcfungskommission geschickt, um einen Termin f\u00fcr die Verteidigung der Diss im November auszukl\u00fcngeln. Das ging gut und schnell, den Termin melde ich heute dem Pr\u00fcfungsamt. Mein Doktorvater und die Zweitpr\u00fcferin haben bis zum 21. September Zeit, ihre Gutachten dort einzureichen, und dann m\u00fcsste ich sie in nicht allzulanger Zeit einsehen [&hellip;]<\/p>\n","protected":false},"author":10,"featured_media":0,"comment_status":"closed","ping_status":"closed","sticky":false,"template":"","format":"standard","meta":{"footnotes":""},"categories":[1],"tags":[],"class_list":["post-35107","post","type-post","status-publish","format-standard","hentry","category-weblog"],"_links":{"self":[{"href":"https:\/\/ankegroener.de\/blog\/index.php?rest_route=\/wp\/v2\/posts\/35107","targetHints":{"allow":["GET"]}}],"collection":[{"href":"https:\/\/ankegroener.de\/blog\/index.php?rest_route=\/wp\/v2\/posts"}],"about":[{"href":"https:\/\/ankegroener.de\/blog\/index.php?rest_route=\/wp\/v2\/types\/post"}],"author":[{"embeddable":true,"href":"https:\/\/ankegroener.de\/blog\/index.php?rest_route=\/wp\/v2\/users\/10"}],"replies":[{"embeddable":true,"href":"https:\/\/ankegroener.de\/blog\/index.php?rest_route=%2Fwp%2Fv2%2Fcomments&post=35107"}],"version-history":[{"count":3,"href":"https:\/\/ankegroener.de\/blog\/index.php?rest_route=\/wp\/v2\/posts\/35107\/revisions"}],"predecessor-version":[{"id":35110,"href":"https:\/\/ankegroener.de\/blog\/index.php?rest_route=\/wp\/v2\/posts\/35107\/revisions\/35110"}],"wp:attachment":[{"href":"https:\/\/ankegroener.de\/blog\/index.php?rest_route=%2Fwp%2Fv2%2Fmedia&parent=35107"}],"wp:term":[{"taxonomy":"category","embeddable":true,"href":"https:\/\/ankegroener.de\/blog\/index.php?rest_route=%2Fwp%2Fv2%2Fcategories&post=35107"},{"taxonomy":"post_tag","embeddable":true,"href":"https:\/\/ankegroener.de\/blog\/index.php?rest_route=%2Fwp%2Fv2%2Ftags&post=35107"}],"curies":[{"name":"wp","href":"https:\/\/api.w.org\/{rel}","templated":true}]}}