{"id":35525,"date":"2020-12-31T10:40:54","date_gmt":"2020-12-31T09:40:54","guid":{"rendered":"http:\/\/ankegroener.de\/blog\/?p=35525"},"modified":"2020-12-31T11:05:29","modified_gmt":"2020-12-31T10:05:29","slug":"2020-revisited","status":"publish","type":"post","link":"https:\/\/ankegroener.de\/blog\/?p=35525","title":{"rendered":"2020 revisited"},"content":{"rendered":"<p>(<a href=\"https:\/\/ankegroener.de\/blog\/?p=31895\">2019<\/a>, <a href=\"https:\/\/ankegroener.de\/blog\/?p=29237\">2018<\/a>, <a href=\"http:\/\/ankegroener.de\/blog\/?p=26470\">2017<\/a>, <a href=\"http:\/\/www.ankegroener.de\/blog\/?p=25553\">2016<\/a>, <a href=\"http:\/\/www.ankegroener.de\/blog\/?p=22281\">2015<\/a>, <a href=\"http:\/\/www.ankegroener.de\/blog\/?p=21190\">2014<\/a>, <a href=\"http:\/\/www.ankegroener.de\/blog\/?p=20292\">2013<\/a>, <a href=\"http:\/\/www.ankegroener.de\/blog\/?p=17155\">2012<\/a>, <a href=\"http:\/\/www.ankegroener.de\/blog\/?p=13192\">2011<\/a>, <a href=\"http:\/\/www.ankegroener.de\/blog\/?p=10903\">2010<\/a>, <a href=\"http:\/\/www.ankegroener.de\/blog\/?p=5526\">2009<\/a>, <a href=\"http:\/\/www.ankegroener.de\/blog\/?p=2595\">2008<\/a>, <a href=\"http:\/\/www.ankegroener.de\/blog\/?p=2275\">2007<\/a>, <a href=\"http:\/\/www.ankegroener.de\/blog\/?p=1771\">2006<\/a>, <a href=\"http:\/\/www.ankegroener.de\/blog\/?p=1252\">2005<\/a>, <a href=\"http:\/\/www.ankegroener.de\/blog\/?p=408\">2004<\/a>, <a href=\"http:\/\/www.ankegroener.de\/anke1\/pasdeblog\/blogarchiv\/dezember03.html\">2003<\/a>.)<\/p>\n<p><strong>1. Der hirnrissigste Plan?<\/strong><\/p>\n<p>Eine Dissertation zu beenden, obwohl meine Ersparnisse aufgebraucht sind und Jobs f\u00fcr mich, die sich seit Beginn des Studiums ein bisschen aus der Werbung zur\u00fcckgezogen hat, seit Corona noch sp\u00e4rlicher ges\u00e4t sind als eh schon.<\/p>\n<p><strong>2. Die gef\u00e4hrlichste Unternehmung?<\/strong><\/p>\n<p>W\u00e4hrend einer globalen Pandemie Zug zu fahren. Glaube ich jedenfalls. Laut aller Studien, die auf Twitter rumgehen und die ich alle wissbegierig und voller <em>confirmation bias<\/em> lese, steckt man sich ja quasi nirgends an. Wissen wir irgendwas?<\/p>\n<p><strong>3. Die teuerste Anschaffung?<\/strong><\/p>\n<p>Eine N\u00e4hmaschine f\u00fcr 150 Euro sowie diverse Zugtickets in den Norden, aber die wurden vom M\u00fctterlein gesponsert. Eigentlich war meine Miete die teuerste Anschaffung, aber seit mein Konto leer ist, wird auch die vom M\u00fctterlein in diesem Drecksjahr gesponsert sowie von Leihgaben von Freund und Ex-Freund. Hey, wenn man schon im letzten Jahr eher mies verdient hat, aber dachte, ach, das wird 2020 alles besser, aber es dann nicht eintraf, dann kann man in M\u00fcnchen auch nicht mal eben in eine g\u00fcnstigere Wohnung umziehen, weil sich die Vermieter*innen hier die Leute mit guten Gehaltszetteln aussuchen k\u00f6nnen. Ich war in diesem Jahr nicht so richtig gut auf diese Stadt zu sprechen \u2013 und konnte sie mir nicht mal auf dem Oktoberfest sch\u00f6ntrinken!<\/p>\n<p>Nebenbei: nochmal danke f\u00fcr alle eure Spenden, die werden gerade nicht f\u00fcr Quatsch ausgegeben. Okay, ein Schokoladenpaket aus Wien habe ich mir geg\u00f6nnt, aber das musste wirklich sein.<\/p>\n<p><strong>4. Das leckerste Essen?<\/strong><\/p>\n<p>Wir hatten Ende Oktober noch <a href=\"https:\/\/ankegroener.de\/blog\/?p=35363\">einen Tisch im Tantris<\/a>, der eigentlich f\u00fcr M\u00e4rz reserviert war. Wie wir inzwischen wissen, war das der vorletzte Abend, an dem noch <a href=\"https:\/\/de.wikipedia.org\/wiki\/Hans_Haas_(Koch)\">Hans Haas<\/a> f\u00fcr die K\u00fcche verantwortlich war, der zum Jahresende in den Ruhestand gehen wollte und nun seit November nicht mehr kochen durfte. Das war sch\u00f6n, dort noch einmal sehr klassisch essen gehen zu k\u00f6nnen, auch wenn es zwei Gl\u00e4ser Wein gekostet hat, bis ich nicht mehr flach atmete und mir dauernd die Maske aufsetzen wollte.<\/p>\n<p>Nach der Diss-Abgabe trauten wir uns im Juli ins Broeding, und ein paar Mal nutzten wir zum Jahresende das Men\u00fc, das man sich f\u00fcr zuhause abholen konnte. Wie immer sehr gut; ich hoffe, der Laden \u00fcbersteht diese Schei\u00dfe, er w\u00fcrde mir sehr fehlen. (Die Ausw\u00e4rtsmahlzeiten wurden und werden derzeit komplett von F. \u00fcbernommen, danke daf\u00fcr!)<\/p>\n<p>Heute abend werden wir nochmal gro\u00df tafeln, denn einer unserer Lieblingsk\u00f6che, <a href=\"https:\/\/de.wikipedia.org\/wiki\/Tohru_Nakamura\">Tohru Nakamura<\/a>, f\u00fcr den wir zwei vergebliche Reservierungen hatten, bietet ebenfalls ein Au\u00dfer-Haus-Men\u00fc an. Es kommt zu sp\u00e4t f\u00fcr diesen Fragebogen, aber ich ahne, dass <a href=\"https:\/\/salonrouge-muc.de\/produkt\/ihre-soiree-rouge\/\">die diversen Einzelteile und der Gl\u00fch-Sake<\/a> episch werden, gleich nochmal die Zubereitungstipps <a href=\"https:\/\/www.youtube.com\/watch?v=nv-foug_pxk\">anschauen<\/a>.<\/p>\n<p>F\u00fcr meine Heimkoch-Ambitionen entdeckte ich in diesem Jahr die sch\u00e4rfere und genauer die thail\u00e4ndische K\u00fcche, die mich verl\u00e4sslich sehr gl\u00fccklich macht.<\/p>\n<p><strong>5. Das beeindruckendste Buch?<\/strong><\/p>\n<p>Sachbuch:<br \/>\nKurz vor Jahresschluss beendet: <em><a target=\"_blank\" href=\"https:\/\/www.amazon.de\/gp\/product\/3518112821\/ref=as_li_tl?ie=UTF8&#038;camp=1638&#038;creative=6742&#038;creativeASIN=3518112821&#038;linkCode=as2&#038;tag=httpwwwankegr-21&#038;linkId=973aa4b13869af33cdf742bfc97568df\">Die Weimarer Republik: Krisenjahre der Klassischen Moderne<\/a><img loading=\"lazy\" decoding=\"async\" src=\"\/\/ir-de.amazon-adsystem.com\/e\/ir?t=httpwwwankegr-21&#038;l=am2&#038;o=3&#038;a=3518112821\" width=\"1\" height=\"1\" border=\"0\" alt=\"\" style=\"border:none !important; margin:0px !important;\" \/><\/em> von <a href=\"https:\/\/de.wikipedia.org\/wiki\/Detlev_Peukert\">Detlev Peukert<\/a>. \u00dcber jeden Absatz in diesem Buch kann man zehn weitere schreiben, aber f\u00fcr einen \u00dcberblick ist das kleine B\u00fcchlein erstaunlich gr\u00fcndlich.<\/p>\n<p>Ebenfalls toll, weil quasi reine Quellenkunde: <em><a target=\"_blank\" href=\"https:\/\/www.amazon.de\/gp\/product\/359616365X\/ref=as_li_tl?ie=UTF8&#038;camp=1638&#038;creative=6742&#038;creativeASIN=359616365X&#038;linkCode=as2&#038;tag=httpwwwankegr-21&#038;linkId=54274b961f37a19277ce270abdc316b2\">Vom K\u00f6nig zum F\u00fchrer: Deutscher Adel und Nationalsozialismus<\/a><img loading=\"lazy\" decoding=\"async\" src=\"\/\/ir-de.amazon-adsystem.com\/e\/ir?t=httpwwwankegr-21&#038;l=am2&#038;o=3&#038;a=359616365X\" width=\"1\" height=\"1\" border=\"0\" alt=\"\" style=\"border:none !important; margin:0px !important;\" \/><\/em> von <a href=\"https:\/\/de.wikipedia.org\/wiki\/Stephan_Malinowski\">Stephan Malinowski<\/a>. Liest sich eher nicht nebenbei weg, habe ich trotzdem verschlungen.<\/p>\n<p>Halbherzig empfehle ich <em><a target=\"_blank\" href=\"https:\/\/www.amazon.de\/gp\/product\/3549100086\/ref=as_li_tl?ie=UTF8&#038;camp=1638&#038;creative=6742&#038;creativeASIN=3549100086&#038;linkCode=as2&#038;tag=httpwwwankegr-21&#038;linkId=fc64967170e0fa09f74ac45be850044e\">Das Buch Alice: Wie die Nazis das Kochbuch meiner Gro\u00dfmutter raubten<\/a><img loading=\"lazy\" decoding=\"async\" src=\"\/\/ir-de.amazon-adsystem.com\/e\/ir?t=httpwwwankegr-21&#038;l=am2&#038;o=3&#038;a=3549100086\" width=\"1\" height=\"1\" border=\"0\" alt=\"\" style=\"border:none !important; margin:0px !important;\" \/><\/em> von <a href=\"https:\/\/de.wikipedia.org\/wiki\/Karina_Urbach\">Karina Urbach<\/a> weiter \u2013 das war teilweise f\u00fcr mich perfekt, teilweise waren es mir zuviele Nebenschaupl\u00e4tze. Trotzdem: mit Gewinn gelesen.<\/p>\n<p>Ich bin irgendwann in der Mitte von <a href=\"https:\/\/de.wikipedia.org\/wiki\/Ron_Chernow\">Ron Chernows<\/a> Biografie von <a target=\"_blank\" href=\"https:\/\/www.amazon.de\/gp\/product\/0143034758\/ref=as_li_tl?ie=UTF8&#038;camp=1638&#038;creative=6742&#038;creativeASIN=0143034758&#038;linkCode=as2&#038;tag=httpwwwankegr-21&#038;linkId=12b43e8f58da2cb8bbe830a41b151202\">Alexander Hamilton<\/a><img loading=\"lazy\" decoding=\"async\" src=\"\/\/ir-de.amazon-adsystem.com\/e\/ir?t=httpwwwankegr-21&#038;l=am2&#038;o=3&#038;a=0143034758\" width=\"1\" height=\"1\" border=\"0\" alt=\"\" style=\"border:none !important; margin:0px !important;\" \/> h\u00e4ngengeblieben, aber bis dahin war sie sehr gut lesbar und aufschlussreich. Jetzt gerade m\u00f6chte ich andere Dinge lesen. Zum Beispiel <em><a target=\"_blank\" href=\"https:\/\/www.amazon.de\/gp\/product\/3406754791\/ref=as_li_tl?ie=UTF8&#038;camp=1638&#038;creative=6742&#038;creativeASIN=3406754791&#038;linkCode=as2&#038;tag=httpwwwankegr-21&#038;linkId=ee9bf6a078ed80da79851d18892e61f4\">Demokratie: Eine deutsche Aff\u00e4re<\/a><img loading=\"lazy\" decoding=\"async\" src=\"\/\/ir-de.amazon-adsystem.com\/e\/ir?t=httpwwwankegr-21&#038;l=am2&#038;o=3&#038;a=3406754791\" width=\"1\" height=\"1\" border=\"0\" alt=\"\" style=\"border:none !important; margin:0px !important;\" \/><\/em> von <a href=\"https:\/\/de.wikipedia.org\/wiki\/Hedwig_Richter\">Hedwig Richter<\/a>; das habe ich erst vorgestern angefangen, daher schaffe ich es nicht mehr zum Jahresende, aber auf den ersten 100 Seiten konnte ich schon wild mit dem Bleistift interessante Dinge anstreichen.<\/p>\n<p>Fiktion:<br \/>\nGanz weit vorne ein Klassiker: <em><a href=\"https:\/\/www.projekt-gutenberg.org\/roth\/radetzky\/index.html\">Radetzkymarsch<\/a><\/em> von <a href=\"https:\/\/de.wikipedia.org\/wiki\/Joseph_Roth\">Joseph Roth<\/a>. Eine herrliche Sprache, die allerdings fiese Wien-Sehnsucht erzeugte.<\/p>\n<p>Neu entdeckt habe ich <a href=\"https:\/\/de.wikipedia.org\/wiki\/Tessa_Hadley\">Tessa Hadley<\/a>, deren <em><a target=\"_blank\" href=\"https:\/\/www.amazon.de\/gp\/product\/0062476696\/ref=as_li_tl?ie=UTF8&#038;camp=1638&#038;creative=6742&#038;creativeASIN=0062476696&#038;linkCode=as2&#038;tag=httpwwwankegr-21&#038;linkId=163968eeee88bf72256aa26da873208e\">Late in the Day<\/a><img loading=\"lazy\" decoding=\"async\" src=\"\/\/ir-de.amazon-adsystem.com\/e\/ir?t=httpwwwankegr-21&#038;l=am2&#038;o=3&#038;a=0062476696\" width=\"1\" height=\"1\" border=\"0\" alt=\"\" style=\"border:none !important; margin:0px !important;\" \/><\/em> (auf Deutsch <em><a target=\"_blank\" href=\"https:\/\/www.amazon.de\/gp\/product\/3311150171\/ref=as_li_tl?ie=UTF8&#038;camp=1638&#038;creative=6742&#038;creativeASIN=3311150171&#038;linkCode=as2&#038;tag=httpwwwankegr-21&#038;linkId=1956a30ae659277fde23b18d6029a897\">Zwei und zwei<\/a><img loading=\"lazy\" decoding=\"async\" src=\"\/\/ir-de.amazon-adsystem.com\/e\/ir?t=httpwwwankegr-21&#038;l=am2&#038;o=3&#038;a=3311150171\" width=\"1\" height=\"1\" border=\"0\" alt=\"\" style=\"border:none !important; margin:0px !important;\" \/><\/em>) mir ebenfalls wegen der unaufgeregten Sprache und der distanzierten Erz\u00e4hlerinnenstimme sehr gefallen hat.<\/p>\n<p>In zwei Tagen durchgelesen, muss mir also gefallen haben: <em><a target=\"_blank\" href=\"https:\/\/www.amazon.de\/gp\/product\/1474600840\/ref=as_li_tl?ie=UTF8&#038;camp=1638&#038;creative=6742&#038;creativeASIN=1474600840&#038;linkCode=as2&#038;tag=httpwwwankegr-21&#038;linkId=68337285cef8424b6dfe7e42585b194e\">The Queen&#8217;s Gambit<\/a><img loading=\"lazy\" decoding=\"async\" src=\"\/\/ir-de.amazon-adsystem.com\/e\/ir?t=httpwwwankegr-21&#038;l=am2&#038;o=3&#038;a=1474600840\" width=\"1\" height=\"1\" border=\"0\" alt=\"\" style=\"border:none !important; margin:0px !important;\" \/><\/em> von Walter Trevis. Und beim Kracht-Groupie m\u00fcssen nat\u00fcrlich auch <em><a target=\"_blank\" href=\"https:\/\/www.amazon.de\/gp\/product\/359619735X\/ref=as_li_tl?ie=UTF8&#038;camp=1638&#038;creative=6742&#038;creativeASIN=359619735X&#038;linkCode=as2&#038;tag=httpwwwankegr-21&#038;linkId=029c35734272a9c3eebacbf9f84f032c\">Die Toten<\/a><img loading=\"lazy\" decoding=\"async\" src=\"\/\/ir-de.amazon-adsystem.com\/e\/ir?t=httpwwwankegr-21&#038;l=am2&#038;o=3&#038;a=359619735X\" width=\"1\" height=\"1\" border=\"0\" alt=\"\" style=\"border:none !important; margin:0px !important;\" \/><\/em> auf die Liste.<\/p>\n<p><strong>6. Der ergreifendste Film?<\/strong><\/p>\n<p>Ich schaue kaum noch Filme, h\u00e4nge daf\u00fcr aber ewig vor Serien rum. Baby Yoda aka \u201eThe Mandalorian\u201c hat mich \u00fcberraschenderweise gekriegt, aber das war vermutlich nicht die beste Serie. Ich kann mich gerade an nichts erinnern, alles verschwimmt, es ist egal, es laufen meist Folgen im Hintergrund rum, die ich schon zwanzigmal gesehen habe, <em>Friends<\/em>, <em>How I Met Your Mother<\/em>, <em>Gilmore Girls<\/em>, alles, was nett ist und mich nicht aufregt. Ich habe allerdings interessiert <em>Star Trek: Discovery<\/em> entdeckt. Nach <em>Voyager<\/em> kam aus der Star-Trek-Ecke nichts mehr, was mich fesseln konnte, aber die Serie gef\u00e4llt mir trotz ihrer \u00fcberfrachteten \u2013\u00a0und teilweise bescheuerten \u2013 Storylines gut. Endlich hat mal jemand Geld f\u00fcr anst\u00e4ndige Special Effects in die Hand genommen.<\/p>\n<p><strong>7. <strike>Die beste CD?<\/strike> Der beste Download?<\/strong><\/p>\n<p>Nach dem <a href=\"https:\/\/www.br.de\/mediathek\/podcast\/igor-levits-klavierpodcast-32-x-beethoven\/alle\/826\">Beethoven-Podcast mit Igor Levit<\/a> h\u00f6re ich nach jeder Folge seine Einspielung der besprochenen Klaviersonate durch, aber ich bin noch nicht fertig, weil ich den Podcast nur im Zug h\u00f6re. Ich bin weiterhin gro\u00dfer Fan der Spotify-Klassiklisten von <a href=\"https:\/\/open.spotify.com\/user\/1121889804?si=GjhkfnNLTHWCvdbuJxvAlA\">Gabriel Yoran<\/a>. Hei\u00dft: Ich zahle f\u00fcr Spotify Premium, habe in diesem Jahr aber sonst nichts k\u00e4uflich erworben, was Musik angeht.<\/p>\n<p><strong>8. Das sch\u00f6nste Konzert?<\/strong><\/p>\n<p>Die ersten drei Beethoven-Sinfonien mit den Wiener Philharmonikern <a href=\"https:\/\/ankegroener.de\/blog\/?p=33886\">im Gasteig im M\u00e4rz<\/a>. Eigentlich sollten alle neun gespielt werden; ich hatte nur eine Karte f\u00fcr den ersten Abend, F. f\u00fcr alle vier Tage, aber die letzten beiden Abende bzw. die Sinfonien 6 bis 9 wurden wegen der Pandemie nicht mehr aufgef\u00fchrt. F. trauert dar\u00fcber heute noch, vermutlich sehr zu recht.<\/p>\n<p>Weitere wichtige und sch\u00f6ne Konzerte: alle auf Twitter von Igor Levit, durch den ich \u201e<a href=\"https:\/\/open.spotify.com\/album\/4pHar6YiC1aVptgFOJ6RPV?si=wE64YwW8QcC5U8OesrTCvw\">The People United Will Never Be Defeated<\/a>\u201c kennengelernt habe. Jede Auff\u00fchrung war ein gro\u00dfes Geschenk, f\u00fcr das ich sehr dankbar war und bin.<\/p>\n<p><strong>9. Die tollste Ausstellung?<\/strong><\/p>\n<p>Gleich zwei: die Gobelin-Ausstellung \u201eF\u00e4den der Moderne\u201c in der Kunsthalle sowie \u201eInnenleben\u201c von <a href=\"https:\/\/de.wikipedia.org\/wiki\/Henrike_Naumann\">Henrike Naumann<\/a> im Haus der Kunst. Praktischerweise <a href=\"https:\/\/ankegroener.de\/blog\/?p=33548\">beide im selben Podcast besprochen<\/a> bzw. verbloggt. Durch die Ausstellung im Haus der Kunst lernte ich auch <a href=\"https:\/\/en.wikipedia.org\/wiki\/Njideka_Akunyili_Crosby\">Njideka Akunyili Crosby<\/a> kennen, von der ich gerne etwas an der Wand h\u00e4tte.<\/p>\n<p><img loading=\"lazy\" decoding=\"async\" src=\"http:\/\/ankegroener.de\/blog\/..\/Bilder\/IMG_7719.jpg\" alt=\"\" width=\"500\" height=\"707\" class=\"alignnone size-full wp-image-35743\" \/><\/p>\n<p>Normalerweise illustriere ich den Fragebogen mit mehreren Fotos, die eine Auswahl meiner Eintrittskarten zeigen, die ich \u00fcber das Jahr sammele. Dieses Mal reicht ein Foto, wobei die Karte vom Gasteig fehlt, warum auch immer. Ich war noch in einem weiteren Konzert, wo ich allerdings in der Pause gehen musste, weil ich sonst eingeschlafen w\u00e4re, was nicht an der Musik lag, sondern am stickigen Raum und meiner pers\u00f6nlichen Befindlichkeit. Ansonsten fehlen die \u00fcblichen Fu\u00dfballtickets, die Oktoberfestb\u00e4ndchen und ein paar Museen au\u00dferhalb von M\u00fcnchen. Das fiel dieses Jahr alles flach. Wie so vieles, daher au\u00dfer Konkurrenz und ohne dass danach gefragt wurde mein Lieblingstweet des Jahres:<\/p>\n<blockquote class=\"twitter-tweet\">\n<p lang=\"de\" dir=\"ltr\">Beantrage hiermit die Zulassung der Fu\u00dfnote \u201eHab ich irgendwo gelesen\u201c als akademisch korrekt und ausreichend, bis es einen Impfstoff gegen Corona gibt und wir wieder in die Bibliotheken k\u00f6nnen.<\/p>\n<p>&mdash; Anke Gr\u00f6ner (@ankegroener) <a href=\"https:\/\/twitter.com\/ankegroener\/status\/1240568111293706240?ref_src=twsrc%5Etfw\">March 19, 2020<\/a><\/p><\/blockquote>\n<p> <script async src=\"https:\/\/platform.twitter.com\/widgets.js\" charset=\"utf-8\"><\/script><\/p>\n<p><strong>10. Die meiste Zeit verbracht mit &#8230;?<\/strong><\/p>\n<p>Wie letztes Jahr: der Dissertation (plus, neu in diesem Jahr, der Verteidigung derselben), am Schreibtisch, in Archiven, in Bibliotheken. Neu dazugekommen: Job- und Zukunftspanik.<\/p>\n<p><strong>11. Die sch\u00f6nste Zeit verbracht mit &#8230;?<\/strong><\/p>\n<p>Wie letztes Jahr: der Dissertation, am Schreibtisch, in Archiven, in Bibliotheken.<\/p>\n<p>Gleichauf damit: jede Zeit mit F., egal wo, egal wie. In diesem Jahr nur in Deutschland und bis auf einen gemeinsamen Ausflug in den Norden zu meinen Eltern nur in M\u00fcnchen.<\/p>\n<p><strong>12. Vorherrschendes Gef\u00fchl 2020?<\/strong><\/p>\n<p>WHAT THE FUCK, WELT?<\/p>\n<p><strong>13. 2020 zum ersten Mal getan?<\/strong><\/p>\n<p>Eine Dissertation eingereicht. Eine Dissertation verteidigt. Theoretisch einen Doktortitel bekommen; ich darf ihn erst tragen, wenn die Diss ver\u00f6ffentlicht ist, was 2021 passieren wird, gleich mal f\u00fcr den betreffenden Jahresendeintrag vormerken. <\/p>\n<p>Monatelang in einer globalen Pandemie gelebt. Mund-Nasen-Schutze gen\u00e4ht. Zwei Kleidungsst\u00fccke gen\u00e4ht. Nur noch mit Maske vor die T\u00fcr gegangen. Einen Internetsportkurs abonniert. Salat vom Balkon geerntet. Zwei Sauerteige angesetzt. Eine Software namens Zoom kennengelernt. Einen Test auf ein Virus gemacht, zweimal durch die Nase. Dabei festgestellt, wie anders es sich anf\u00fchlt, wenn ein Hals-Nasen-Ohren-Arzt das St\u00e4bchen f\u00fchrt.<\/p>\n<p><strong>14. 2020 nach langer Zeit wieder getan?<\/strong><\/p>\n<p>Ein Vorstellungsgespr\u00e4ch gehabt, aus dem aber leider kein Job als Kunsthistorikerin wurde. Tagelang CNN geguckt. An einer N\u00e4hmaschine gesessen. Regelm\u00e4\u00dfig Sport gemacht. Die Eltern nicht zu Weihnachten gesehen \u2013 das k\u00f6nnte sogar eine Premiere gewesen sein, ich wei\u00df es selbst nicht.<\/p>\n<p><strong>15. Drei Dinge, auf die ich gut h\u00e4tte verzichten k\u00f6nnen?<\/strong><\/p>\n<p>Eine globale Pandemie. (ACH WAS?) Papas verschlechterter Zustand zum Jahresende. Job- und Zukunftspanik.<\/p>\n<p><strong>16. Die wichtigste Sache, von der ich jemanden \u00fcberzeugen wollte?<\/strong><\/p>\n<p>Papa davon, mir nachzusprechen: \u201eHerzlichen Gl\u00fcckwunsch zum Doktortitel.\u201c Hat nicht funktioniert, ich probiere es n\u00e4chstes Jahr wieder. Ich bin die erste in unserer Familie mit Doktortitel, dazu musste er vermutlich noch niemandem gratulieren, wahrscheinlich wusste er gar nicht, was ich von ihm wollte.<\/p>\n<p>Andere \u00dcberzeugungssache: nicht immer zu heulen, wenn ich von Papa blogge. Wobei: Vielleicht muss das so.<\/p>\n<p><strong>17. Das sch\u00f6nste Geschenk, das ich jemandem gemacht habe?<\/strong><\/p>\n<p>Zeit zu haben, monatlich in den Norden zu fahren und meiner Mutter wenigstens ein bisschen Arbeit abnehmen zu k\u00f6nnen. Mit einem Aussetzer von April bis Juli zur, wie ich dachte, Hoch-Zeit der Pandemie, die dann aber sogar die Talsohle war. Im September sa\u00df ich bei deutlich h\u00f6heren Zahlen wieder im Zug. Im November konnte ich ihr einige emotional schwere G\u00e4nge abnehmen, daf\u00fcr hat sie sich sehr oft bedankt, was mir schon fast peinlich war, weil sie mir in diesem Jahr ebenfalls viel geholfen hat. Auch deswegen bin ich traurig dar\u00fcber, dass ich Weihnachten nicht bei ihr und Papa und SchwesterSchwager sein konnte. Ich bin sehr froh dar\u00fcber, dass auch sie Mama sehr unterst\u00fctzen, was f\u00fcr sie ein bisschen einfacher ist, weil sie nur einen Kilometer von ihr wegwohnen und nicht wie ich, danke, Google Maps, 648.<\/p>\n<p><strong>18. Das sch\u00f6nste Geschenk, das mir jemand gemacht hat?<\/strong><\/p>\n<p>Ewiges, geduldiges Zureden, dass ich nicht doof bin, sondern eine hervorragend ausgebildete Kunsthistorikerin und dazu eine nur zeitweilig unterbesch\u00e4ftigte Texterin. Ein Adventskalender aus der Lieblingsstadt. Ein Essen im Tantris. Und jede Paypal-Spende von den Leser*innen, das ist wie dauernd Weihnachten, wenn die Benachrichtigung aufpingt.<\/p>\n<p><strong>19. Der sch\u00f6nste Satz, den jemand zu mir gesagt hat?<\/strong><\/p>\n<p>\u201eFrau Gr\u00f6ner, Sie haben bestanden.\u201c<\/p>\n<p><strong>20. Der sch\u00f6nste Satz, den ich zu jemandem gesagt habe?<\/strong><\/p>\n<p>\u201eDanke.\u201c<\/p>\n<p><strong>21. 2020 war mit einem Wort &#8230;?<\/strong><\/p>\n<p>Anstrengend.<\/p>\n","protected":false},"excerpt":{"rendered":"<p>(2019, 2018, 2017, 2016, 2015, 2014, 2013, 2012, 2011, 2010, 2009, 2008, 2007, 2006, 2005, 2004, 2003.) 1. Der hirnrissigste Plan? Eine Dissertation zu beenden, obwohl meine Ersparnisse aufgebraucht sind und Jobs f\u00fcr mich, die sich seit Beginn des Studiums ein bisschen aus der Werbung zur\u00fcckgezogen hat, seit Corona noch sp\u00e4rlicher ges\u00e4t sind als eh [&hellip;]<\/p>\n","protected":false},"author":10,"featured_media":0,"comment_status":"closed","ping_status":"closed","sticky":false,"template":"","format":"standard","meta":{"footnotes":""},"categories":[1],"tags":[],"class_list":["post-35525","post","type-post","status-publish","format-standard","hentry","category-weblog"],"_links":{"self":[{"href":"https:\/\/ankegroener.de\/blog\/index.php?rest_route=\/wp\/v2\/posts\/35525","targetHints":{"allow":["GET"]}}],"collection":[{"href":"https:\/\/ankegroener.de\/blog\/index.php?rest_route=\/wp\/v2\/posts"}],"about":[{"href":"https:\/\/ankegroener.de\/blog\/index.php?rest_route=\/wp\/v2\/types\/post"}],"author":[{"embeddable":true,"href":"https:\/\/ankegroener.de\/blog\/index.php?rest_route=\/wp\/v2\/users\/10"}],"replies":[{"embeddable":true,"href":"https:\/\/ankegroener.de\/blog\/index.php?rest_route=%2Fwp%2Fv2%2Fcomments&post=35525"}],"version-history":[{"count":38,"href":"https:\/\/ankegroener.de\/blog\/index.php?rest_route=\/wp\/v2\/posts\/35525\/revisions"}],"predecessor-version":[{"id":35776,"href":"https:\/\/ankegroener.de\/blog\/index.php?rest_route=\/wp\/v2\/posts\/35525\/revisions\/35776"}],"wp:attachment":[{"href":"https:\/\/ankegroener.de\/blog\/index.php?rest_route=%2Fwp%2Fv2%2Fmedia&parent=35525"}],"wp:term":[{"taxonomy":"category","embeddable":true,"href":"https:\/\/ankegroener.de\/blog\/index.php?rest_route=%2Fwp%2Fv2%2Fcategories&post=35525"},{"taxonomy":"post_tag","embeddable":true,"href":"https:\/\/ankegroener.de\/blog\/index.php?rest_route=%2Fwp%2Fv2%2Ftags&post=35525"}],"curies":[{"name":"wp","href":"https:\/\/api.w.org\/{rel}","templated":true}]}}