{"id":35559,"date":"2020-12-08T13:30:07","date_gmt":"2020-12-08T12:30:07","guid":{"rendered":"http:\/\/ankegroener.de\/blog\/?p=35559"},"modified":"2020-12-08T13:30:07","modified_gmt":"2020-12-08T12:30:07","slug":"tagebuch-sonntag-montag-6-7-dezember-2020-panikschlaf","status":"publish","type":"post","link":"https:\/\/ankegroener.de\/blog\/?p=35559","title":{"rendered":"Tagebuch Sonntag\/Montag, 6.\/7. Dezember 2020 \u2013 Panikschlaf"},"content":{"rendered":"<p>Sonntag konnte in die Tonne, quasi den ganzen Tag Corona-Panik geschoben. Weihnachten in den Norden fahren, ja oder nein? Normalerweise w\u00e4re \u201enein\u201c die einzige Antwort, aber durch die Situation mit Papa neige ich zu \u201eaber wer wei\u00df, wie lange usw.\u201c, will aber auch eigentlich nicht dar\u00fcber nachdenken, war pissig auf die Solidarit\u00e4tsverweigerer, f\u00fchlte mich dann selbst wie einer, weil ich lustig durch die Gegend fahre, auch wenn es zur Pflege von Angeh\u00f6rigen ist, was man ja darf, aber aber aber launige Vorwurfsspirale und Verzweiflung, weil ich nicht Zug fahren will, dann aber doch. Sehr mies geschlafen.<\/p>\n<p>Montag half Keksebacken. Ich testete ein neues Rezept aus der <em>Washington Post<\/em>, dessen Titel \u201eLemon and Cream Cheese Cookies\u201c genau wie meins klang. Die schmeckten aber eher wie Zitronenkuchen in Keksform, <a href=\"https:\/\/www.instagram.com\/p\/CIf7G5ZnZQI\/\">und dann verlief auch noch der Zuckerguss<\/a> und ich war darob verstimmt. Immerhin wurden die Florentiner was, die sind ja auch babyeinfach, und nach einem Pfund Buttermandeln mit Schokolade dr\u00fcber ging&#8217;s wieder. Sport half auch, alles sehr seltsam. Wieder besser geschlafen.<\/p>\n<p>Bin etwas coronam\u00fcde und m\u00f6chte jetzt bis zur Impfung auf die Pausetaste dr\u00fccken.<\/p>\n","protected":false},"excerpt":{"rendered":"<p>Sonntag konnte in die Tonne, quasi den ganzen Tag Corona-Panik geschoben. Weihnachten in den Norden fahren, ja oder nein? Normalerweise w\u00e4re \u201enein\u201c die einzige Antwort, aber durch die Situation mit Papa neige ich zu \u201eaber wer wei\u00df, wie lange usw.\u201c, will aber auch eigentlich nicht dar\u00fcber nachdenken, war pissig auf die Solidarit\u00e4tsverweigerer, f\u00fchlte mich dann [&hellip;]<\/p>\n","protected":false},"author":10,"featured_media":0,"comment_status":"closed","ping_status":"closed","sticky":false,"template":"","format":"standard","meta":{"footnotes":""},"categories":[1],"tags":[],"class_list":["post-35559","post","type-post","status-publish","format-standard","hentry","category-weblog"],"_links":{"self":[{"href":"https:\/\/ankegroener.de\/blog\/index.php?rest_route=\/wp\/v2\/posts\/35559","targetHints":{"allow":["GET"]}}],"collection":[{"href":"https:\/\/ankegroener.de\/blog\/index.php?rest_route=\/wp\/v2\/posts"}],"about":[{"href":"https:\/\/ankegroener.de\/blog\/index.php?rest_route=\/wp\/v2\/types\/post"}],"author":[{"embeddable":true,"href":"https:\/\/ankegroener.de\/blog\/index.php?rest_route=\/wp\/v2\/users\/10"}],"replies":[{"embeddable":true,"href":"https:\/\/ankegroener.de\/blog\/index.php?rest_route=%2Fwp%2Fv2%2Fcomments&post=35559"}],"version-history":[{"count":3,"href":"https:\/\/ankegroener.de\/blog\/index.php?rest_route=\/wp\/v2\/posts\/35559\/revisions"}],"predecessor-version":[{"id":35562,"href":"https:\/\/ankegroener.de\/blog\/index.php?rest_route=\/wp\/v2\/posts\/35559\/revisions\/35562"}],"wp:attachment":[{"href":"https:\/\/ankegroener.de\/blog\/index.php?rest_route=%2Fwp%2Fv2%2Fmedia&parent=35559"}],"wp:term":[{"taxonomy":"category","embeddable":true,"href":"https:\/\/ankegroener.de\/blog\/index.php?rest_route=%2Fwp%2Fv2%2Fcategories&post=35559"},{"taxonomy":"post_tag","embeddable":true,"href":"https:\/\/ankegroener.de\/blog\/index.php?rest_route=%2Fwp%2Fv2%2Ftags&post=35559"}],"curies":[{"name":"wp","href":"https:\/\/api.w.org\/{rel}","templated":true}]}}