{"id":36080,"date":"2021-02-05T09:23:50","date_gmt":"2021-02-05T08:23:50","guid":{"rendered":"http:\/\/ankegroener.de\/blog\/?p=36080"},"modified":"2021-02-05T09:25:21","modified_gmt":"2021-02-05T08:25:21","slug":"tagebuch-donnerstag-4-januar-2021-295-seiten","status":"publish","type":"post","link":"https:\/\/ankegroener.de\/blog\/?p=36080","title":{"rendered":"Tagebuch Donnerstag, 4. Februar 2021 \u2013 295 Seiten"},"content":{"rendered":"<p>Der erste komplette Korrekturgang des Textteils der Diss ist durch. Statt 358 Seiten bin ich jetzt bei 295. Da geht vermutlich noch mehr, aber jetzt habe ich alle gew\u00fcnschten Korrekturen und Anmerkungen eingearbeitet und einen besseren \u00dcberblick, wo was nach dem gro\u00dfen Umbau \u00fcberhaupt steht. Wir beginnen mit den \u00fcblichen 40 Korrekturschleifen.<\/p>\n<p>So lange ich morgens aus dem Haus ging, um in Bibliotheken zu arbeiten, reichte mir ein Flat White als lange vorhaltendes Fr\u00fchst\u00fcck; mein Zeichen, jetzt mit der Arbeit aufzuh\u00f6ren bzw. sie ins Home Office zu verlagern, war immer der knurrende Magen, meist so gegen 15 Uhr. Momentan verzichte ich auch auf den Kaffee morgens, sondern koche gleich die gro\u00dfe Kanne Tee, die ich dann am Schreibtisch leertrinke. Auch hier ist mein Zeichen f\u00fcr die Mittagspause der knurrende Magen, und der knurrt manchmal um 12, manchmal aber auch erst um 15 Uhr, so wie gestern. <\/p>\n<p>Statt gleich zu speisen, ging ich erstmal auf die Matte, dann war das auch erledigt, und danach gab&#8217;s die restlichen zwei Krustis vom Vortag mit dem \u00fcbriggebliebenen Hummus und einem Berg Gem\u00fcse dazu. Abends eine Sch\u00fcssel Schokom\u00fcsli mit einem Apfel drin.<\/p>\n<p>Alles erledigt, keine Lust zu putzen, zu lesen oder Serien zu gucken \u2013 also spontan in Hamburg angerufen f\u00fcr eins der \u00fcblichen \u201eNur mal kurz Hallo sagen\u201c-Telefonate, die dann dann immer zwei Stunden dauern. Das war sch\u00f6n.<\/p>\n<p>\u201eOh, Rauschen im Hintergrund, regnet&#8217;s bei euch?\u201c<br \/>\n\u201eNee, das ist die Hochbahn.\u201c<br \/>\n\u201eAWWWW, DIE U DREEEIIII!\u201c<\/p>\n<p>Ganz seltsames Heimweh gerade. Muss sofort f\u00fcnf Kilo Laugengeb\u00e4ck als Konterargument kaufen.<\/p>\n<p>&#8212;<\/p>\n<p><strong><a href=\"https:\/\/www.nytimes.com\/2021\/02\/04\/arts\/television\/tv-coronavirus-pandemic.html\">How the Pandemic Is Coming to Prime Time. (Or Not.)<\/a><\/strong><\/p>\n<p>Ich hatte beim Staffelauftakt von \u201eThis is Us\u201c gebloggt (finde ich selbst nicht wieder), dass ich \u00fcberrascht war, Masken und Social Distancing in die Story eingebaut zu sehen. Inzwischen stolpere ich bei fast allen meinen Serien dar\u00fcber, wenn genau das nicht passiert ist. Die NYT hat bei einigen Autor:innen und Showrunnern nachgefragt, warum sie sich daf\u00fcr entschieden haben, die Pandemie einzubauen oder eben nicht.<\/p>\n<blockquote><p>\u201eLast June, when the \u201cGrey\u2019s Anatomy\u201d writers room reconvened, virtually, after a longer than usual hiatus, Krista Vernoff, the longtime showrunner, asked whether or not the coming season should incorporate the coronavirus pandemic.<\/p>\n<p>\u201cI\u2019m like 51-49 for not doing the pandemic,\u201d she told her staff. \u201cBecause we\u2019re all so tired of it. We\u2019re all so scared. We\u2019re all so depressed. And we come to \u2018Grey\u2019s Anatomy\u2019 for relief, right?\u201d<\/p>\n<p>But she was open to counterarguments. And when she asked for volunteers to try and talk her into it, she recalled recently, hands went up in nearly every Zoom window. The show\u2019s senior surgical adviser, Naser Alazari, made the most compelling case: The pandemic was the story of a lifetime, he told her, speaking from the clinic where he was treating Covid-19 patients. \u201cGrey\u2019s\u201d had a responsibility to tell it.<\/p>\n<p>In rooms all over the internet, hospital dramas, first-responder shows, situation comedies and courtroom procedurals were having similar debates. To ignore the events of the spring and summer \u2014 the pandemic, America\u2019s belated racial reckoning \u2014 meant placing prime-time series outside (well, even more outside) observable reality. But to include them meant potentially exhausting already exhausted viewers and covering telegenic stars from the eyes down.<\/p>\n<p>It also meant predicting the future. David Shore, the showrunner for ABC\u2019s \u201cThe Good Doctor,\u201d knew that scripts written in the summer wouldn\u2019t air until the fall. \u201cThat\u2019s a challenge you really don\u2019t face normally,\u201d he said, speaking by telephone. \u201cUsually, when you\u2019re writing a story, you know what the world\u2019s going to look like.\u201d\u201c<\/p><\/blockquote>\n<p>&#8212;<\/p>\n<blockquote class=\"twitter-tweet\">\n<p lang=\"de\" dir=\"ltr\">Ich weinlache immer noch \u00fcber eine Line aus SNL vom Samstag: \u201eIn 2020, sharks killed 10 people around the world in unprovoked attacks, the highest number since 2013. Cute, said bats.\u201c<\/p>\n<p>&mdash; Anke Gr\u00f6ner (@ankegroener) <a href=\"https:\/\/twitter.com\/ankegroener\/status\/1357361405767344129?ref_src=twsrc%5Etfw\">February 4, 2021<\/a><\/p><\/blockquote>\n<p> <script async src=\"https:\/\/platform.twitter.com\/widgets.js\" charset=\"utf-8\"><\/script><\/p>\n","protected":false},"excerpt":{"rendered":"<p>Der erste komplette Korrekturgang des Textteils der Diss ist durch. Statt 358 Seiten bin ich jetzt bei 295. Da geht vermutlich noch mehr, aber jetzt habe ich alle gew\u00fcnschten Korrekturen und Anmerkungen eingearbeitet und einen besseren \u00dcberblick, wo was nach dem gro\u00dfen Umbau \u00fcberhaupt steht. Wir beginnen mit den \u00fcblichen 40 Korrekturschleifen. So lange ich [&hellip;]<\/p>\n","protected":false},"author":10,"featured_media":0,"comment_status":"closed","ping_status":"closed","sticky":false,"template":"","format":"standard","meta":{"footnotes":""},"categories":[1],"tags":[],"class_list":["post-36080","post","type-post","status-publish","format-standard","hentry","category-weblog"],"_links":{"self":[{"href":"https:\/\/ankegroener.de\/blog\/index.php?rest_route=\/wp\/v2\/posts\/36080","targetHints":{"allow":["GET"]}}],"collection":[{"href":"https:\/\/ankegroener.de\/blog\/index.php?rest_route=\/wp\/v2\/posts"}],"about":[{"href":"https:\/\/ankegroener.de\/blog\/index.php?rest_route=\/wp\/v2\/types\/post"}],"author":[{"embeddable":true,"href":"https:\/\/ankegroener.de\/blog\/index.php?rest_route=\/wp\/v2\/users\/10"}],"replies":[{"embeddable":true,"href":"https:\/\/ankegroener.de\/blog\/index.php?rest_route=%2Fwp%2Fv2%2Fcomments&post=36080"}],"version-history":[{"count":6,"href":"https:\/\/ankegroener.de\/blog\/index.php?rest_route=\/wp\/v2\/posts\/36080\/revisions"}],"predecessor-version":[{"id":36086,"href":"https:\/\/ankegroener.de\/blog\/index.php?rest_route=\/wp\/v2\/posts\/36080\/revisions\/36086"}],"wp:attachment":[{"href":"https:\/\/ankegroener.de\/blog\/index.php?rest_route=%2Fwp%2Fv2%2Fmedia&parent=36080"}],"wp:term":[{"taxonomy":"category","embeddable":true,"href":"https:\/\/ankegroener.de\/blog\/index.php?rest_route=%2Fwp%2Fv2%2Fcategories&post=36080"},{"taxonomy":"post_tag","embeddable":true,"href":"https:\/\/ankegroener.de\/blog\/index.php?rest_route=%2Fwp%2Fv2%2Ftags&post=36080"}],"curies":[{"name":"wp","href":"https:\/\/api.w.org\/{rel}","templated":true}]}}