{"id":37485,"date":"2021-11-05T09:34:42","date_gmt":"2021-11-05T08:34:42","guid":{"rendered":"https:\/\/ankegroener.de\/blog\/?p=37485"},"modified":"2021-11-05T09:34:42","modified_gmt":"2021-11-05T08:34:42","slug":"tagebuch-mittwoch-donnerstag-3-4-november-2021-schreibarbeit","status":"publish","type":"post","link":"https:\/\/ankegroener.de\/blog\/?p=37485","title":{"rendered":"Tagebuch Mittwoch\/Donnerstag, 3.\/4. November 2021 \u2013 Schreibarbeit"},"content":{"rendered":"<p>Vorgestern nur f\u00fcr die Werbung, gestern dann auch in der Mittagspause und nach Feierabend f\u00fcr die hehre Kunst, denn: Der erste Umbruch f\u00fcr mein Buch ist da. Das hei\u00dft, ich sehe meinen Text zum ersten Mal im Satz, mit der richtigen Typo, mit den Abbildungen und vor allem mit den richtigen Seitenzahlen. 436 St\u00fcck, um genau zu sein. \u00c4hem. Ich hatte anscheinend sehr viel zu sagen.<\/p>\n<p>Beim ersten Dr\u00fcberschauen stellte ich fest, dass ein lustiger Automatismus aus aufeinanderfolgenden Zahlen ein f. oder ff. gemacht hat. Das ist im Register sehr sinnvoll, \u00fcberall sonst im Text aber Quatsch. Ich m\u00f6chte zum Beispiel auf die Abbildungen 16 und 17 hinten im Tafelteil hinweisen und nicht auf die Abbildung 16f., du honkiges Makro. Ich stolperte auch ein bisschen \u00fcber die Ansage der Produktion, jetzt bitte keine Text\u00e4nderungen mehr vorzunehmen. \u00c4h &#8230; wann denn sonst? Jetzt sehe ich doch zum ersten Mal, ob alles passt oder irgendwo ein halbes Wort in einer neuen Zeile h\u00e4ngt, was f\u00fcrchterlich ist und mich nicht schlafen lassen wird, bis ich weiter oben irgendwo was gek\u00fcrzt habe, damit alles ordentlich aussieht. Diese Ansage wird brav im Hinterkopf behalten, aber im Prinzip ignoriert.<\/p>\n<p>Beim vorletzten Korrekturgang merkte ich an, dass einige Bildtitel in \u00dcberschriften nicht kursiv waren, das wurde ge\u00e4ndert, aber die Kommata zwischen den Bildtitel wurden ebenfalls so gesetzt. Das merkte ich an \u2013 bitte die nicht kursiv \u2013 und sehe nun, dass sie weiterhin kursiv sind. Dieses Mal googelte ich aber brav und stellte fest, dass sich das anscheinend so geh\u00f6rt (und nebenbei auch gut aussieht). Das kann man mir nat\u00fcrlich auch sagen, anstatt das im Hinterkopf zu behalten, aber zu ignorieren. Oh wait.<\/p>\n<p>Au\u00dferdem sind mir unfassbarerweise nat\u00fcrlich immer noch Fehler aufgefallen, eine Werknummer ohne Nummer, also ein armes WV im Text ohne Zahl dahinter, und ja, nat\u00fcrlich habe ich in meinem finalen Dokument nachgeguckt, das an den Verlag ging, und an die zwei Korrekturdokumente, die ich seitdem hatte, und ja, nat\u00fcrlich ist auch da schon \u00fcberall der Fehler drin und ich werde wahnsinnig.<\/p>\n<p>Aber ansonsten ist alles super. Bisschen stressig grad vielleicht. Und in der \u00d6kokiste war Rosenkohl, den ich vergessen habe, gegen Gr\u00fcnkohl einzutauschen, wegen Stress und so.<\/p>\n<p>Weiter im Text.<\/p>\n","protected":false},"excerpt":{"rendered":"<p>Vorgestern nur f\u00fcr die Werbung, gestern dann auch in der Mittagspause und nach Feierabend f\u00fcr die hehre Kunst, denn: Der erste Umbruch f\u00fcr mein Buch ist da. Das hei\u00dft, ich sehe meinen Text zum ersten Mal im Satz, mit der richtigen Typo, mit den Abbildungen und vor allem mit den richtigen Seitenzahlen. 436 St\u00fcck, um [&hellip;]<\/p>\n","protected":false},"author":10,"featured_media":0,"comment_status":"closed","ping_status":"closed","sticky":false,"template":"","format":"standard","meta":{"footnotes":""},"categories":[1],"tags":[],"class_list":["post-37485","post","type-post","status-publish","format-standard","hentry","category-weblog"],"_links":{"self":[{"href":"https:\/\/ankegroener.de\/blog\/index.php?rest_route=\/wp\/v2\/posts\/37485","targetHints":{"allow":["GET"]}}],"collection":[{"href":"https:\/\/ankegroener.de\/blog\/index.php?rest_route=\/wp\/v2\/posts"}],"about":[{"href":"https:\/\/ankegroener.de\/blog\/index.php?rest_route=\/wp\/v2\/types\/post"}],"author":[{"embeddable":true,"href":"https:\/\/ankegroener.de\/blog\/index.php?rest_route=\/wp\/v2\/users\/10"}],"replies":[{"embeddable":true,"href":"https:\/\/ankegroener.de\/blog\/index.php?rest_route=%2Fwp%2Fv2%2Fcomments&post=37485"}],"version-history":[{"count":4,"href":"https:\/\/ankegroener.de\/blog\/index.php?rest_route=\/wp\/v2\/posts\/37485\/revisions"}],"predecessor-version":[{"id":37489,"href":"https:\/\/ankegroener.de\/blog\/index.php?rest_route=\/wp\/v2\/posts\/37485\/revisions\/37489"}],"wp:attachment":[{"href":"https:\/\/ankegroener.de\/blog\/index.php?rest_route=%2Fwp%2Fv2%2Fmedia&parent=37485"}],"wp:term":[{"taxonomy":"category","embeddable":true,"href":"https:\/\/ankegroener.de\/blog\/index.php?rest_route=%2Fwp%2Fv2%2Fcategories&post=37485"},{"taxonomy":"post_tag","embeddable":true,"href":"https:\/\/ankegroener.de\/blog\/index.php?rest_route=%2Fwp%2Fv2%2Ftags&post=37485"}],"curies":[{"name":"wp","href":"https:\/\/api.w.org\/{rel}","templated":true}]}}