{"id":37677,"date":"2021-12-17T09:52:40","date_gmt":"2021-12-17T08:52:40","guid":{"rendered":"https:\/\/ankegroener.de\/blog\/?p=37677"},"modified":"2021-12-17T09:52:40","modified_gmt":"2021-12-17T08:52:40","slug":"was-schon-war-samstag-bis-donnerstag-11-bis-16-dezember-2021-kekse-und-weihnachtsbaum","status":"publish","type":"post","link":"https:\/\/ankegroener.de\/blog\/?p=37677","title":{"rendered":"Was sch\u00f6n war, Samstag bis Donnerstag, 11. bis 16. Dezember 2021 \u2013 Kekse und Weihnachtsbaum"},"content":{"rendered":"<p>Am vergangenen Wochenende buk ich nochmal ein paar Bleche Kekse; davon wanderten einige in ein kleines P\u00e4ckchen in Richtung Hamburg zum Ex-Kerl. Ich druckte den DHL-Lieferschein schon am Sonntag aus, schaffte es aber erst Dienstag in eine Filiale; Packstationen wollte ich gar nicht erst versuchen, die quellen vermutlich gerade mit Weihnachtsgeschenken \u00fcber. Der Grund f\u00fcr die Verz\u00f6gerung: Ich wurde Montag \u00e4u\u00dferst spontan gebucht durch eine gute Kombi, jedenfalls f\u00fcr mich, aus Texter im Urlaub und Vertretungstexter krank. <\/p>\n<p>Deswegen ist mein Kopf gerade mal wieder weniger kunsthistorisch unterwegs, sondern f\u00fcr die gute, alte Autoindustrie. Ja, wir sollen die nicht mehr m\u00f6gen, aber ich schreibe trotzdem gerne \u00fcber ihre Produkte. Und wenn ich einen Parkplatz h\u00e4tte, h\u00e4tte ich einen kleinen SUV. Ja, die sollen wir auch nicht m\u00f6gen, aber sie sind so wunderbar bequem beim Einstieg, man sitzt angenehm hoch und, soweit ich das von den kurzen Fahrten mit dem m\u00fctterlichen Auto sagen kann, mein R\u00fccken, meine H\u00fcfte und meine Beine finden das alles deutlich superer als die flachen Sch\u00fcsseln, die ich bis vor zehn Jahren noch gefahren bin. Aber ich habe ja keinen Parkplatz und deswegen auch kein Auto, und seit Corona trenne ich auch brav M\u00fcll und habe sogar einen Bioeimer in der K\u00fcche, wogegen ich mich jahrelang gestr\u00e4ubt habe. Kleines Klima-Update Ende.<\/p>\n<p>&#8212;<\/p>\n<p>\u00d6kokistengl\u00fcck. Es gab unter anderem Suppe aus gelber Bete mit ger\u00f6steten Mandelbl\u00e4tten, Koriander- und Fenchelsamen. Der Fenchel war keine so gute Idee, Rest gerne wieder.<\/p>\n<p><img loading=\"lazy\" decoding=\"async\" src=\"https:\/\/ankegroener.de\/blog\/..\/Bilder\/2C454681-29B0-46E5-8B48-71A9FE862D51.jpg\" alt=\"\" width=\"500\" height=\"500\" class=\"alignnone size-full wp-image-37679\" srcset=\"https:\/\/ankegroener.de\/blog\/..\/Bilder\/2C454681-29B0-46E5-8B48-71A9FE862D51.jpg 500w, https:\/\/ankegroener.de\/blog\/..\/Bilder\/2C454681-29B0-46E5-8B48-71A9FE862D51-150x150.jpg 150w\" sizes=\"auto, (max-width: 500px) 100vw, 500px\" \/><\/p>\n<p>Violette Hasselback-Kartoffeln mit buntem Salat. Das Zeug in den Kartoffelspalten ist Knoblauch. Im Salat befindet sich auch noch gelbe Bete, den winzigen Rest, der immer noch \u00fcbrig ist von den zwei Knollen der letzten Woche, haue ich heute vermutlich in ein <a href=\"https:\/\/www.theguardian.com\/food\/2020\/oct\/10\/yotam-ottolenghi-recipes-for-autumn-traybakes\">Gericht von Ottolenghi<\/a>, denn mit der heutigen Kiste kommt eine Steckr\u00fcbe, auf die ich etwas \u00e4ngstlich schaue. Deswegen hat mich Twitter vor einigen Tagen auch ganz hervorragend mit Rezepten <a href=\"https:\/\/twitter.com\/ankegroener\/status\/1468597933344014346\">versorgt<\/a>.<\/p>\n<p><img loading=\"lazy\" decoding=\"async\" src=\"https:\/\/ankegroener.de\/blog\/..\/Bilder\/7CA13572-92BC-4881-82DB-10F79C130306.jpg\" alt=\"\" width=\"500\" height=\"500\" class=\"alignnone size-full wp-image-37680\" srcset=\"https:\/\/ankegroener.de\/blog\/..\/Bilder\/7CA13572-92BC-4881-82DB-10F79C130306.jpg 500w, https:\/\/ankegroener.de\/blog\/..\/Bilder\/7CA13572-92BC-4881-82DB-10F79C130306-150x150.jpg 150w\" sizes=\"auto, (max-width: 500px) 100vw, 500px\" \/><\/p>\n<p>Tofu mit Brokkoli und dem \u00fcblichen Sojasauce-Ingwer-Chili-irgendwas dr\u00fcber. No filter \u00fcbrigens, aber ein neuer Teller vom Butler&#8217;s um die Ecke. Der Laden l\u00e4sst sich immerhin Impfnachweis und Ausweis zeigen, scannt aber nicht. Hmpf.<\/p>\n<p><img loading=\"lazy\" decoding=\"async\" src=\"https:\/\/ankegroener.de\/blog\/..\/Bilder\/98096432-AC7D-4A27-AD9F-DCE263D17941.jpg\" alt=\"\" width=\"500\" height=\"500\" class=\"alignnone size-full wp-image-37682\" srcset=\"https:\/\/ankegroener.de\/blog\/..\/Bilder\/98096432-AC7D-4A27-AD9F-DCE263D17941.jpg 500w, https:\/\/ankegroener.de\/blog\/..\/Bilder\/98096432-AC7D-4A27-AD9F-DCE263D17941-150x150.jpg 150w\" sizes=\"auto, (max-width: 500px) 100vw, 500px\" \/><\/p>\n<p>&#8212;<\/p>\n<p>Gestern besuchte ich meinen Zahnarzt, der gespielt entr\u00fcstet war, als er nach dem Grund fragte, warum ich hier sei und ich freim\u00fctig gestand, dass ich blo\u00df noch den Stempel f\u00fcrs Bonusheft brauchte, von dem ich dachte, ich h\u00e4tte ihn l\u00e4ngst in diesem Jahr erhalten, aber nee.<\/p>\n<p>Mein Zahnarzt ist jetzt \u00fcbrigens Teil einer gr\u00f6\u00dferen Praxisgemeinschaft. Es sind nicht mehr nur zwei \u00c4rzte, sondern sie haben, laut neuem Praxisschild, \u201eKolleg*innen\u201c. Nice.<\/p>\n<p>Fast direkt neben der Praxis liegt der Stand, an dem ich traditionell mein Weihnachtsb\u00e4umchen kaufe. Das erledigte ich gestern hektisch, bevor es wieder an den Schreibtisch ging. Er wurde gestern abend auch gleich geschm\u00fcckt und erfreute mich heute morgen nach dem Aufstehen, als noch alles dunkel war, mein B\u00e4umchen aber schon durch die Wohnung schimmerte.<\/p>\n<p><img loading=\"lazy\" decoding=\"async\" src=\"https:\/\/ankegroener.de\/blog\/..\/Bilder\/IMG_9057.jpg\" alt=\"\" width=\"500\" height=\"667\" class=\"alignnone size-full wp-image-37681\" \/><\/p>\n<p>Mein erster Weihnachtsbaum ohne goldene Kugeln. In diesem Jahr gab&#8217;s alles aus der Ecke Rot, Pink und Violett.<\/p>\n<p>&#8212;<\/p>\n<p>Ewig hin und her \u00fcberlegt, ob ich Weihnachten zu meiner Mutter fahre oder nicht. Wir kennen alle die guten Argumente: Omikron, Kontaktbeschr\u00e4nkungen usw. Meine Gegenargumente, die schlussendlich \u00fcberwogen: Ich bin im vergangenen Jahr brav zuhause geblieben und habe damit das letzte Weihnachten verpasst, an dem Papa noch zuhause gelebt hat (er ist seit August in einem Pflegeheim). Das M\u00fctterchen ist auch nicht mehr die J\u00fcngste, und obwohl ich nat\u00fcrlich davon ausgehe, dass sie 100 Jahre alt werden wird, m\u00f6chte ich nicht im n\u00e4chsten Jahr denken, dass ich wom\u00f6glich auch ihr letztes Weihnachten zuhause verpasst habe. Ich bin dreifach geimpft, fahre im Zug immer in der 1. Klasse (weniger Leute) und hatte bisher immer eine sch\u00f6ne gr\u00fcne Corona-App nach Zugfahrten. Daher werde ich fahren.<\/p>\n<p>In der gestrigen Pressekonferenz erw\u00e4hnte Minister Lauterbach, dass die Dreifachimpfung die Schutzwirkung vor symptomatischer Infektion auf 75% erh\u00f6he, falls diese Wirkung nach zwei Impfungen schon nachgelassen habe (<a href=\"https:\/\/www.zdf.de\/nachrichten\/zdfheute-live\/corona-impfung-kinder-lauterbach-wieler-video-100.html\">bei ca. 12.30 min<\/a>). Und in einem Artikel der SZ (finde ich gerade nicht in meinem Verlauf) berichtet eine Krankenhausmitarbeiterin, dass hohes Gewicht in der Anfangsphase der Pandemie ein Risikofaktor gewesen sei; inzwischen bestimme aber der Impfstatus, ob man auf der Intensivstation landet oder nicht. Das hat mich beides etwas beruhigen k\u00f6nnen.<\/p>\n<p>Ich werde im Norden genau vier Leute sehen, die alle mindestens doppelt geimpft sind, und allerh\u00f6chstens noch einen Supermarkt und ein, zwei Mitarbeiter im Pflegeheim, in dem man einen aktuellen Test vorlegen muss, auch wenn man hundertmal geimpft ist. Ich hoffe, es wird okay sein.<\/p>\n","protected":false},"excerpt":{"rendered":"<p>Am vergangenen Wochenende buk ich nochmal ein paar Bleche Kekse; davon wanderten einige in ein kleines P\u00e4ckchen in Richtung Hamburg zum Ex-Kerl. Ich druckte den DHL-Lieferschein schon am Sonntag aus, schaffte es aber erst Dienstag in eine Filiale; Packstationen wollte ich gar nicht erst versuchen, die quellen vermutlich gerade mit Weihnachtsgeschenken \u00fcber. Der Grund f\u00fcr [&hellip;]<\/p>\n","protected":false},"author":10,"featured_media":0,"comment_status":"closed","ping_status":"closed","sticky":false,"template":"","format":"standard","meta":{"footnotes":""},"categories":[1],"tags":[],"class_list":["post-37677","post","type-post","status-publish","format-standard","hentry","category-weblog"],"_links":{"self":[{"href":"https:\/\/ankegroener.de\/blog\/index.php?rest_route=\/wp\/v2\/posts\/37677","targetHints":{"allow":["GET"]}}],"collection":[{"href":"https:\/\/ankegroener.de\/blog\/index.php?rest_route=\/wp\/v2\/posts"}],"about":[{"href":"https:\/\/ankegroener.de\/blog\/index.php?rest_route=\/wp\/v2\/types\/post"}],"author":[{"embeddable":true,"href":"https:\/\/ankegroener.de\/blog\/index.php?rest_route=\/wp\/v2\/users\/10"}],"replies":[{"embeddable":true,"href":"https:\/\/ankegroener.de\/blog\/index.php?rest_route=%2Fwp%2Fv2%2Fcomments&post=37677"}],"version-history":[{"count":6,"href":"https:\/\/ankegroener.de\/blog\/index.php?rest_route=\/wp\/v2\/posts\/37677\/revisions"}],"predecessor-version":[{"id":37687,"href":"https:\/\/ankegroener.de\/blog\/index.php?rest_route=\/wp\/v2\/posts\/37677\/revisions\/37687"}],"wp:attachment":[{"href":"https:\/\/ankegroener.de\/blog\/index.php?rest_route=%2Fwp%2Fv2%2Fmedia&parent=37677"}],"wp:term":[{"taxonomy":"category","embeddable":true,"href":"https:\/\/ankegroener.de\/blog\/index.php?rest_route=%2Fwp%2Fv2%2Fcategories&post=37677"},{"taxonomy":"post_tag","embeddable":true,"href":"https:\/\/ankegroener.de\/blog\/index.php?rest_route=%2Fwp%2Fv2%2Ftags&post=37677"}],"curies":[{"name":"wp","href":"https:\/\/api.w.org\/{rel}","templated":true}]}}