{"id":37920,"date":"2022-02-25T08:35:38","date_gmt":"2022-02-25T07:35:38","guid":{"rendered":"https:\/\/ankegroener.de\/blog\/?p=37920"},"modified":"2022-02-25T08:35:38","modified_gmt":"2022-02-25T07:35:38","slug":"termin-im-prufungsamt","status":"publish","type":"post","link":"https:\/\/ankegroener.de\/blog\/?p=37920","title":{"rendered":"Termin im Pr\u00fcfungsamt"},"content":{"rendered":"<p>Die letzte Amtshandlung der Promotion stand an: Gestern radelte ich in der vorgezogenen Mittagspause, weil das Pr\u00fcfungsamt nat\u00fcrlich nur bis 12 ge\u00f6ffnet ist, in eben dieses und \u00fcberreichte dem Sachbearbeiter, der seit vier Jahren meine verwirrten Mails beantwortet, drei Exemplare meiner gedruckten Dissertation sowie die vom Doktorvater unterzeichnete Druckgenehmigung. Ich verstehe nicht, warum ich die jetzt noch einreichen muss, schlie\u00dflich liegt das Ding da gedruckt rum, aber wie ich vor wenigen Tagen schon <a href=\"https:\/\/twitter.com\/ankegroener\/status\/1496116247737557000\">twitterte<\/a>: Ich hinterfrage meine Promotionsordnung nicht mehr, ich arbeite sie ab. Und das war gestern das letzte, was noch abgearbeitet werden musste.<\/p>\n<p>Beim R\u00fcckweg zum Fahrrad schlenderte ich noch ein wenig durchs Hauptgeb\u00e4ude. Der erste Weg ging nat\u00fcrlich zum Lieblingsh\u00f6rsaal, wo ich meine allererste Vorlesung hatte, wo auf der ersten Folie der Aachener Dom zu sehen gewesen war und ich innerlich dachte, oh, stimmt, Architektur, das geh\u00f6rt dann ja wohl auch zur Kunstgeschichte. Toll. In diesem H\u00f6rsaal h\u00f6rte ich Spannendes \u00fcber stilbildende Ausstellungen seit den 1950er Jahren, lernte die franz\u00f6sische Romanik kennen und die altniederl\u00e4ndische Malerei, erfuhr Wissenswertes \u00fcber Kl\u00f6ster, Schl\u00f6sser und Salzspeicher, bewunderte US-amerikanische und feministische Kunst des 20. Jahrhunderts, schwitzte im Sommer und fror dann, als es eine Klimaanlage gab oder sie mal benutzt wurde, dr\u00e4ngelte mich durch Reihen von Senior*innen, die stets fr\u00fcher da waren als ich und \u00fcberall die \u201eS\u00fcddeutsche\u201c ausgebreitet hatten, und freute mich immer, wenn ich einen Klappsitz erwischte, der nicht nach unten durchhing. Irgendwann wei\u00df man ja auch, in welchen Reihen die sind. Ich lernte, mich nicht hinter Leute zu sitzen, die sich Notizen auf dem Laptop machen anstatt per Hand, denn irgendwann checken sie Facebook und ich muss dann mitlesen, weil ich halt neugierig bin. Ich lernte, mich nicht hinter Gr\u00fcppchen zu setzen, weil die gerne quatschen, und ich lernte, von wo man die Folien vern\u00fcnftig lesen konnte und wo eher nur mit Interpretationsf\u00e4higkeiten. Das h\u00f6rt sich jetzt an, als w\u00e4re der Saal f\u00fcrchterlich gewesen, aber warum auch immer war er mein liebster, vielleicht weil er der erste war. Die Sitze stammen gef\u00fchlt aus den 1960er Jahren, und ich mochte das \u201eRauchen verboten\u201c-Schild an der Stirnseite, das mir sagte, dass das wohl irgendwann mal erlaubt gewesen war. Gestern wurde ausgerechnet in diesem H\u00f6rsaal eine Klausur geschrieben, die T\u00fcren standen offen, die wenigen Studis sa\u00dfen Corona-gerecht verteilt, aber ich konnte nat\u00fcrlich kein Foto machen.<\/p>\n<p>Dann eben vom anderen H\u00f6rsaal, in dem ich vermutlich ebenso viele Vorlesungen h\u00f6rte wie im Liebling. Hier lernte ich unter anderem C\u00e9zanne kennen und sch\u00e4tzen, verstand, wie toll Fotografie sein kann und wie viele Kirchen in Rom rumstehen. Wenn ich mich richtig erinnere, schrieb ich hier meine letzte Klausur.<\/p>\n<p><img loading=\"lazy\" decoding=\"async\" src=\"https:\/\/ankegroener.de\/blog\/..\/Bilder\/IMG_0050.jpg\" alt=\"\" width=\"500\" height=\"375\" class=\"alignnone size-full wp-image-37925\" \/><\/p>\n<p>\u00dcber die gro\u00dfe Treppe an der R\u00fcckseite des Geb\u00e4udes gelangt man ins Innere, wo sich der bekannte Lichthof befindet. Unten ist ein kleines Denkmal f\u00fcr die Wei\u00dfe Rose, direkt vor der Denkst\u00e4tte (kein Schreibfehler). Ich war in neuneinhalb Jahren nicht ein einziges Mal drin und auch gestern wollte ich nicht.<\/p>\n<p><img loading=\"lazy\" decoding=\"async\" src=\"https:\/\/ankegroener.de\/blog\/..\/Bilder\/IMG_0049.jpg\" alt=\"\" width=\"500\" height=\"375\" class=\"alignnone size-full wp-image-37924\" \/><br \/>\n<img loading=\"lazy\" decoding=\"async\" src=\"https:\/\/ankegroener.de\/blog\/..\/Bilder\/5F4168C7-90BA-4486-99C1-A3EC583AB59F-2311-000000659649C367.jpg\" alt=\"\" width=\"500\" height=\"375\" class=\"alignnone size-full wp-image-37923\" \/><br \/>\n<img loading=\"lazy\" decoding=\"async\" src=\"https:\/\/ankegroener.de\/blog\/..\/Bilder\/IMG_0054.jpg\" alt=\"\" width=\"500\" height=\"667\" class=\"alignnone size-full wp-image-37922\" \/><\/p>\n<p>Der letzte Blick galt dem Speertr\u00e4ger, an dem man als LMU-Absolventin traditionell das Foto mit der Promotionsurkunde macht. Die liegt in vier bis sechs Wochen in meinem Briefkasten, und dann komme ich nochmal vorbei.<\/p>\n<p><img loading=\"lazy\" decoding=\"async\" src=\"https:\/\/ankegroener.de\/blog\/..\/Bilder\/IMG_0053-1.jpg\" alt=\"\" width=\"500\" height=\"375\" class=\"alignnone size-full wp-image-37926\" \/><\/p>\n<p>Ein bisschen musste ich weinen, war klar, ich wohne quasi am Wasser. Ich habe so irrsinnig gern studiert und ich bin sehr stolz auf den Titel, der sofort in den Perso kommt, sobald die Urkunde da ist.<\/p>\n<p>Es f\u00fchlt sich etwas irreal an, weil die Welt bzw. zwei Staaten, die nicht wirklich weit von mir weg sind, gerade mit sehr anderen Dingen besch\u00e4ftigt sind. Es f\u00e4llt mir ein bisschen schwer, mich so richtig zu freuen, aber das ist eh nicht das Hauptgef\u00fchl, was ich gerade sp\u00fcre. Es f\u00fchlt sich anders an als direkt nach der Abgabe der im Copyshop gebundenen Diss an die Pr\u00fcfenden. Das war der dicke Brocken. Das hier ist quasi nur noch Pflichterf\u00fcllung. Aber es ist jetzt trotzdem die Ziellinie, auf die ich seit der Verteidigung im November 2020 zugelaufen bin. Der Schlusspunkt. Das war&#8217;s. <\/p>\n<p>Ich werde noch ein bisschen vor mich hinwimmern und, wenn ich ehrlich sein darf, den Rest der Welt soweit wie m\u00f6glich ignorieren, weil mich schlicht alles \u00fcberfordert. Ich dachte, die Pandemie w\u00e4re das Schlimmste, was uns passieren kann, aber hey, nein, da kann man noch ein Schippchen draufpacken. Auch deswegen f\u00fchlt sich diese Ziellinie so seltsam und klein und unbedeutend an. Und ich ahne, dass dieser Blogeintrag auch eher f\u00fcr mich ist, um mir zu sagen, dass meine Leistung in den letzten gut vier Jahren alles andere als klein und unbedeutend ist. <\/p>\n","protected":false},"excerpt":{"rendered":"<p>Die letzte Amtshandlung der Promotion stand an: Gestern radelte ich in der vorgezogenen Mittagspause, weil das Pr\u00fcfungsamt nat\u00fcrlich nur bis 12 ge\u00f6ffnet ist, in eben dieses und \u00fcberreichte dem Sachbearbeiter, der seit vier Jahren meine verwirrten Mails beantwortet, drei Exemplare meiner gedruckten Dissertation sowie die vom Doktorvater unterzeichnete Druckgenehmigung. Ich verstehe nicht, warum ich die [&hellip;]<\/p>\n","protected":false},"author":10,"featured_media":0,"comment_status":"closed","ping_status":"closed","sticky":false,"template":"","format":"standard","meta":{"footnotes":""},"categories":[1],"tags":[],"class_list":["post-37920","post","type-post","status-publish","format-standard","hentry","category-weblog"],"_links":{"self":[{"href":"https:\/\/ankegroener.de\/blog\/index.php?rest_route=\/wp\/v2\/posts\/37920","targetHints":{"allow":["GET"]}}],"collection":[{"href":"https:\/\/ankegroener.de\/blog\/index.php?rest_route=\/wp\/v2\/posts"}],"about":[{"href":"https:\/\/ankegroener.de\/blog\/index.php?rest_route=\/wp\/v2\/types\/post"}],"author":[{"embeddable":true,"href":"https:\/\/ankegroener.de\/blog\/index.php?rest_route=\/wp\/v2\/users\/10"}],"replies":[{"embeddable":true,"href":"https:\/\/ankegroener.de\/blog\/index.php?rest_route=%2Fwp%2Fv2%2Fcomments&post=37920"}],"version-history":[{"count":7,"href":"https:\/\/ankegroener.de\/blog\/index.php?rest_route=\/wp\/v2\/posts\/37920\/revisions"}],"predecessor-version":[{"id":37932,"href":"https:\/\/ankegroener.de\/blog\/index.php?rest_route=\/wp\/v2\/posts\/37920\/revisions\/37932"}],"wp:attachment":[{"href":"https:\/\/ankegroener.de\/blog\/index.php?rest_route=%2Fwp%2Fv2%2Fmedia&parent=37920"}],"wp:term":[{"taxonomy":"category","embeddable":true,"href":"https:\/\/ankegroener.de\/blog\/index.php?rest_route=%2Fwp%2Fv2%2Fcategories&post=37920"},{"taxonomy":"post_tag","embeddable":true,"href":"https:\/\/ankegroener.de\/blog\/index.php?rest_route=%2Fwp%2Fv2%2Ftags&post=37920"}],"curies":[{"name":"wp","href":"https:\/\/api.w.org\/{rel}","templated":true}]}}