{"id":41118,"date":"2024-04-24T07:31:59","date_gmt":"2024-04-24T06:31:59","guid":{"rendered":"https:\/\/ankegroener.de\/blog\/?p=41118"},"modified":"2024-04-24T18:59:39","modified_gmt":"2024-04-24T17:59:39","slug":"dienstag-23-april-2024-sutterlinkurs-2-und-schlechte-laune","status":"publish","type":"post","link":"https:\/\/ankegroener.de\/blog\/?p=41118","title":{"rendered":"Dienstag, 23. April 2024 \u2013 S\u00fctterlinkurs 2 und schlechte Laune"},"content":{"rendered":"<p>Gestern fand die zweite und letzte Sitzung des <a href=\"https:\/\/ankegroener.de\/blog\/?p=41058\">S\u00fctterlinkurses<\/a> statt, den ich im Stadtarchiv f\u00fcr schmales Geld belegt hatte. Tipp des Dozenten: Er unterrichtet auch an der M\u00fcnchner Volkshochschule; dort dauert der Kurs etwas l\u00e4nger. Mir reichen aber, und damit h\u00e4tte ich selbst gar nicht gerechnet, die zwei Sitzungen zu je 90 Minuten, die ich jetzt hinter mir habe. Ich habe in der vergangenen Woche schon mal ein paar weitere \u00dcbungstexte in diesem Interweb ergoogelt und konnte die deutlich besser lesen als noch vor zwei Wochen. Der Rest sei \u00dcbungssache, wurde uns versichert.<\/p>\n<p>Gestern lasen wir zun\u00e4chst ein Schreiben einer Dame an den \u201ehohen Magistrat der k\u00f6nigl. Haupt- und Residenzstadt M\u00fcnchen\u201c aus dem Dezember 1883, damit wir auch die \u00e4ltere Kurrentschrift mal kennenlernten. Das ging halbwegs gut, wir scheiterten quasi alle an den Gro\u00dfbuchstaben. Wenn man einmal die \u00c4hnlichkeit von e und n kapiert hat, dass das Ding, was wie ein F aussieht, meist ein H ist und das S in zwei verschiedenen Ausf\u00fchrungen geschrieben wird, geht das Wortinnere eigentlich ganz gut. Und so tastete auch ich mich meist von der Mitte des Worts ans Ende und konnte dann den bl\u00f6den Anfangsbuchstaben raten. P, du Nervens\u00e4ge.<\/p>\n<p>Der zweite Text war etwas krakeliger geschrieben als die Eingabe an den Magistrat, f\u00fcr den die Absenderin vermutlich einen Profi beauftragt hatte. Dieses Schreiben ging ans Standesamt M\u00fcnchen und stammt vom 6. Dezember 1938.<\/p>\n<p><img loading=\"lazy\" decoding=\"async\" src=\"https:\/\/ankegroener.de\/blog\/..\/Bilder\/IMG_5042.jpg\" alt=\"\" width=\"500\" height=\"583\" class=\"alignnone size-full wp-image-41120\" \/><\/p>\n<p>Transkription: \u201eAuf Grund der Kennkarte f\u00fchre ich ab 1. Januar 1939  nach Vorschrift den zus\u00e4tzlichen Beinamen Sara, wovon Sie gef\u00e4lligst Kenntnis nehmen wollen [und] auch hie[r]von das Polizei-Pr\u00e4sidium zu verst\u00e4ndigen bitte. <\/p>\n<p>Mit vorz\u00fcgl. Hochachtung<br \/>\nFrieda Michaelis<br \/>\nWitwe<\/p>\n<p>Frieda Obermeyer geb. 28. Nov. 1867 in M\u00fcnchen<br \/>\nverehelicht in M\u00fcnchen am 16. Februar 1888<br \/>\nmit Herrn Arthur Michaelis\u201c<\/p>\n<p>Warum die Dame dem Staat mitteilt, dass sie nun auch noch Sara hei\u00dft, muss ich hoffentlich nicht mehr erkl\u00e4ren; falls doch, <a href=\"https:\/\/de.wikipedia.org\/wiki\/Namens%C3%A4nderungsverordnung\">\u00fcbernimmt das die Wikipedia<\/a>. Ich hatte schlagartig schlechte Laune. Der Dozent erkl\u00e4rte, warum er sich f\u00fcr diesen Text entschieden habe: erstens wegen der Handschrift, zweitens genau wegen des Inhalts: \u201eWenn man ahnt, worum es geht, klappt das Entziffern besser.\u201c Das stimmt vermutlich, aber auf diese Quelle war ich mal wieder innerlich nicht vorbereitet.<\/p>\n<p>Ich wusste nat\u00fcrlich um <a href=\"https:\/\/de.wikipedia.org\/wiki\/Geschichte_der_Juden_in_M%C3%BCnchen#1933_bis_1945:_Repressionen,_Verfolgung,_Vertreibung_und_Tod\">die Zahlen der j\u00fcdischen Gemeinde in M\u00fcnchen<\/a>. Zuhause erledigte ich mich dann selbst und schaute in der Datenbank von Yad Vashem nach, ob Frau Michaelis in ihrem hohen Alter vielleicht gn\u00e4digerweise einfach in ihrem hoffentlich noch eigenen Bett entschlafen durfte, aber nein. Sie wurde <a href=\"https:\/\/collections.yadvashem.org\/en\/deportations\/5092216\">am 3. Juni 1942<\/a> nach Theresienstadt deportiert, wo sie bereits im August <a href=\"https:\/\/collections.yadvashem.org\/en\/names\/4877232\">ermordet wurde<\/a>.<\/p>\n<p>Ich verachte dieses j\u00e4mmerliche Land gerade wieder so sehr.<\/p>\n","protected":false},"excerpt":{"rendered":"<p>Gestern fand die zweite und letzte Sitzung des S\u00fctterlinkurses statt, den ich im Stadtarchiv f\u00fcr schmales Geld belegt hatte. Tipp des Dozenten: Er unterrichtet auch an der M\u00fcnchner Volkshochschule; dort dauert der Kurs etwas l\u00e4nger. Mir reichen aber, und damit h\u00e4tte ich selbst gar nicht gerechnet, die zwei Sitzungen zu je 90 Minuten, die ich [&hellip;]<\/p>\n","protected":false},"author":10,"featured_media":0,"comment_status":"closed","ping_status":"closed","sticky":false,"template":"","format":"standard","meta":{"footnotes":""},"categories":[1],"tags":[],"class_list":["post-41118","post","type-post","status-publish","format-standard","hentry","category-weblog"],"_links":{"self":[{"href":"https:\/\/ankegroener.de\/blog\/index.php?rest_route=\/wp\/v2\/posts\/41118","targetHints":{"allow":["GET"]}}],"collection":[{"href":"https:\/\/ankegroener.de\/blog\/index.php?rest_route=\/wp\/v2\/posts"}],"about":[{"href":"https:\/\/ankegroener.de\/blog\/index.php?rest_route=\/wp\/v2\/types\/post"}],"author":[{"embeddable":true,"href":"https:\/\/ankegroener.de\/blog\/index.php?rest_route=\/wp\/v2\/users\/10"}],"replies":[{"embeddable":true,"href":"https:\/\/ankegroener.de\/blog\/index.php?rest_route=%2Fwp%2Fv2%2Fcomments&post=41118"}],"version-history":[{"count":6,"href":"https:\/\/ankegroener.de\/blog\/index.php?rest_route=\/wp\/v2\/posts\/41118\/revisions"}],"predecessor-version":[{"id":41127,"href":"https:\/\/ankegroener.de\/blog\/index.php?rest_route=\/wp\/v2\/posts\/41118\/revisions\/41127"}],"wp:attachment":[{"href":"https:\/\/ankegroener.de\/blog\/index.php?rest_route=%2Fwp%2Fv2%2Fmedia&parent=41118"}],"wp:term":[{"taxonomy":"category","embeddable":true,"href":"https:\/\/ankegroener.de\/blog\/index.php?rest_route=%2Fwp%2Fv2%2Fcategories&post=41118"},{"taxonomy":"post_tag","embeddable":true,"href":"https:\/\/ankegroener.de\/blog\/index.php?rest_route=%2Fwp%2Fv2%2Ftags&post=41118"}],"curies":[{"name":"wp","href":"https:\/\/api.w.org\/{rel}","templated":true}]}}